{"id":7161,"date":"2023-06-05T19:09:08","date_gmt":"2023-06-05T17:09:08","guid":{"rendered":"https:\/\/www.ckplac.org\/?p=7161"},"modified":"2023-06-05T19:09:08","modified_gmt":"2023-06-05T17:09:08","slug":"behind-the-scenes-umetnost-iza-kulisa-dejan-vujinovic","status":"publish","type":"post","link":"https:\/\/www.ckplac.org\/hu\/2023\/06\/05\/behind-the-scenes-umetnost-iza-kulisa-dejan-vujinovic\/","title":{"rendered":"BEHIND THE SCENES: M\u0170V\u00c9SZET A KULISSZ\u00c1K M\u00d6G\u00d6TT DEJAN VUJINOVI\u0106"},"content":{"rendered":"<div class=\"x11i5rnm xat24cr x1mh8g0r x1vvkbs xtlvy1s\">A szabadkai Kort\u00e1rs Gal\u00e9ria folytatja a \u201eBehind the Scenes \u2013 M\u0171v\u00e9szet a kulissz\u00e1k m\u00f6g\u00f6tt\u201d elnevez\u00e9s\u0171 besz\u00e9lget\u00e9s-sorozat\u00e1t, j\u00fanius 7-\u00e9n, szerd\u00e1n, 19 \u00f3r\u00e1t\u00f3l.<\/div>\n<div><\/div>\n<div><\/div>\n<div class=\"x11i5rnm xat24cr x1mh8g0r x1vvkbs xtlvy1s\">A ciklus olyan hivat\u00e1sok \u00e9rt\u00e9kes szem\u00e9lyis\u00e9geit mutatja be, akik a m\u0171v\u00e9szeti \u00e9let l\u00e9tfontoss\u00e1g\u00fa k\u00eds\u00e9r\u0151i, de gyakran szinte l\u00e1thatatlanok maradnak.<\/div>\n<div><\/div>\n<div class=\"x11i5rnm xat24cr x1mh8g0r x1vvkbs xtlvy1s\">\nA besz\u00e9lget\u0151t\u00e1rsunk ez\u00fattal Dejan Vujinovi\u0107, az Etnofest world music festival m\u0171v\u00e9szeti igazgat\u00f3ja. A fesztiv\u00e1l id\u00e9n \u00fcnnepli fenn\u00e1ll\u00e1s\u00e1nak 20. \u00e9vfordul\u00f3j\u00e1t.<\/div>\n<div><\/div>\n<div><\/div>\n<div class=\"x11i5rnm xat24cr x1mh8g0r x1vvkbs xtlvy1s\">A besz\u00e9lget\u00e9st Jasmina Vidakovi\u0107, a Gal\u00e9ria kur\u00e1tora vezeti.<\/div>","protected":false},"excerpt":{"rendered":"<p>Savremena galerija Subotica nastavlja ciklus razgovora \u201cBehind the Scenes: umetnost iza kulisa\u201d u sredu, 7&#8230;.<\/p>","protected":false},"author":2,"featured_media":7162,"comment_status":"closed","ping_status":"closed","sticky":false,"template":"","format":"standard","meta":{"inline_featured_image":false,"footnotes":""},"categories":[40],"tags":[387,213,212,245],"aioseo_notices":[],"_links":{"self":[{"href":"https:\/\/www.ckplac.org\/hu\/wp-json\/wp\/v2\/posts\/7161"}],"collection":[{"href":"https:\/\/www.ckplac.org\/hu\/wp-json\/wp\/v2\/posts"}],"about":[{"href":"https:\/\/www.ckplac.org\/hu\/wp-json\/wp\/v2\/types\/post"}],"author":[{"embeddable":true,"href":"https:\/\/www.ckplac.org\/hu\/wp-json\/wp\/v2\/users\/2"}],"replies":[{"embeddable":true,"href":"https:\/\/www.ckplac.org\/hu\/wp-json\/wp\/v2\/comments?post=7161"}],"version-history":[{"count":1,"href":"https:\/\/www.ckplac.org\/hu\/wp-json\/wp\/v2\/posts\/7161\/revisions"}],"predecessor-version":[{"id":7163,"href":"https:\/\/www.ckplac.org\/hu\/wp-json\/wp\/v2\/posts\/7161\/revisions\/7163"}],"wp:featuredmedia":[{"embeddable":true,"href":"https:\/\/www.ckplac.org\/hu\/wp-json\/wp\/v2\/media\/7162"}],"wp:attachment":[{"href":"https:\/\/www.ckplac.org\/hu\/wp-json\/wp\/v2\/media?parent=7161"}],"wp:term":[{"taxonomy":"category","embeddable":true,"href":"https:\/\/www.ckplac.org\/hu\/wp-json\/wp\/v2\/categories?post=7161"},{"taxonomy":"post_tag","embeddable":true,"href":"https:\/\/www.ckplac.org\/hu\/wp-json\/wp\/v2\/tags?post=7161"}],"curies":[{"name":"wp","href":"https:\/\/api.w.org\/{rel}","templated":true}]}}