{"id":6643,"date":"2023-01-19T11:20:18","date_gmt":"2023-01-19T10:20:18","guid":{"rendered":"https:\/\/www.ckplac.org\/?p=6643"},"modified":"2023-02-18T19:41:44","modified_gmt":"2023-02-18T18:41:44","slug":"pojacanje-u-maloj-bosni","status":"publish","type":"post","link":"https:\/\/www.ckplac.org\/hu\/2023\/01\/19\/pojacanje-u-maloj-bosni\/","title":{"rendered":"Megr\u0151s\u00edt\u00e9sek Kisboszni\u00e1ban"},"content":{"rendered":"<div class=\"kvgmc6g5 cxmmr5t8 oygrvhab hcukyx3x c1et5uql\">\r\n<div class=\"o9v6fnle cxmmr5t8 oygrvhab hcukyx3x c1et5uql ii04i59q\">\r\n<div dir=\"auto\">\r\n<div dir=\"auto\">\r\n<div class=\"kvgmc6g5 cxmmr5t8 oygrvhab hcukyx3x c1et5uql\">\r\n<div class=\"o9v6fnle cxmmr5t8 oygrvhab hcukyx3x c1et5uql ii04i59q\">\r\n<div dir=\"auto\">\r\n<div class=\"x11i5rnm xat24cr x1mh8g0r x1vvkbs xtlvy1s\">\r\n<div dir=\"auto\">\r\n<p>A szabadkai \u201eKlara i Rosa\u201c egyes\u00fclet a \"Tahles\" egyes\u00fclettel egy\u00fcttm\u0171k\u00f6dve megtartotta az els\u0151  \u201eMeger\u0151s\u00edt\u00e9s\u201c c\u00edm\u0171 m\u0171helymunk\u00e1j\u00e1t Kisboszni\u00e1ban.<\/p>\r\n<p><img decoding=\"async\" loading=\"lazy\" class=\"size-medium wp-image-6648 aligncenter\" src=\"https:\/\/www.ckplac.org\/wp-content\/uploads\/2023\/01\/IMG-4dc75fe5a481a471a7d6fed50c55b869-V-1-300x176.jpg\" alt=\"\" width=\"300\" height=\"176\" srcset=\"https:\/\/www.ckplac.org\/wp-content\/uploads\/2023\/01\/IMG-4dc75fe5a481a471a7d6fed50c55b869-V-1-300x176.jpg 300w, https:\/\/www.ckplac.org\/wp-content\/uploads\/2023\/01\/IMG-4dc75fe5a481a471a7d6fed50c55b869-V-1-600x351.jpg 600w, https:\/\/www.ckplac.org\/wp-content\/uploads\/2023\/01\/IMG-4dc75fe5a481a471a7d6fed50c55b869-V-1-1024x599.jpg 1024w, https:\/\/www.ckplac.org\/wp-content\/uploads\/2023\/01\/IMG-4dc75fe5a481a471a7d6fed50c55b869-V-1-768x449.jpg 768w, https:\/\/www.ckplac.org\/wp-content\/uploads\/2023\/01\/IMG-4dc75fe5a481a471a7d6fed50c55b869-V-1-18x12.jpg 18w, https:\/\/www.ckplac.org\/wp-content\/uploads\/2023\/01\/IMG-4dc75fe5a481a471a7d6fed50c55b869-V-1-700x410.jpg 700w, https:\/\/www.ckplac.org\/wp-content\/uploads\/2023\/01\/IMG-4dc75fe5a481a471a7d6fed50c55b869-V-1.jpg 1208w\" sizes=\"(max-width: 300px) 100vw, 300px\" \/><\/p>\r\n<p>A tervezett hat alkalmas m\u0171helysorozat els\u0151 r\u00e9sz\u00e9t,  2022 december\u00e9ben tartott\u00e1k meg. Az esem\u00e9ny, \u00f6nismereti kutat\u00f3munk\u00e1ra \u00e9p\u00fcl, tapasztalatok, \u00e9rz\u00e9sek \u00e9s n\u0151i hangok alapj\u00e1n.<\/p>\r\n<div class=\"x11i5rnm xat24cr x1mh8g0r x1vvkbs xtlvy1s x126k92a\">\r\n<p>R\u00e9sztvev\u0151k benyom\u00e1saib\u00f3l v\u00e1logattunk, hogy arra b\u00e1tor\u00edtsunk, csatlakozzatok hozz\u00e1nk!<\/p>\r\n<div class=\"x11i5rnm xat24cr x1mh8g0r x1vvkbs xtlvy1s x126k92a\">\r\n<div dir=\"auto\">\"Nagyon j\u00f3l \u00e9reztem magam, mintha 100 \u00e9ve ismern\u00e9k mindenkit. Arra eml\u00e9keztetett, menyire fontos els\u0151sorban magunkat szeretni.\"<\/div>\r\n<\/div>\r\n<div dir=\"auto\">\u00a0<\/div>\r\n<div class=\"x11i5rnm xat24cr x1mh8g0r x1vvkbs xtlvy1s x126k92a\">\r\n<div dir=\"auto\">\"Az elej\u00e9n k\u00e9nyelmetlen\u00fcl \u00e9reztem magam, mert el\u0151sz\u00f6r vettem r\u00e9szt ilyen jelleg\u0171 foglalkoz\u00e1son... de azt\u00e1n hamar felszabadultam, miut\u00e1n megny\u00edltam a t\u00f6bbiek el\u0151tt... Ami meglep\u0151 volt sz\u00e1momra, hogy \u00fagy besz\u00e9ltem el\u0151tt\u00fck, mintha mindig is ismertem volna \u0151ket... Nagyon felszabad\u00edt\u00f3 \u00e9rz\u00e9s volt, tele vagyok energi\u00e1val \u00e9s k\u00e9szen \u00e1llok a k\u00f6vetkez\u0151 alkalomra.\" <span class=\"x3nfvp2 x1j61x8r x1fcty0u xdj266r xhhsvwb xat24cr xgzva0m xxymvpz xlup9mm x1kky2od\"><img decoding=\"async\" loading=\"lazy\" src=\"https:\/\/static.xx.fbcdn.net\/images\/emoji.php\/v9\/tea\/1\/16\/1f970.png\" alt=\"\ud83e\udd70\" width=\"16\" height=\"16\" \/><\/span>&#8222;<\/div>\r\n<\/div>\r\n<div dir=\"auto\">\u00a0<\/div>\r\n<div class=\"x11i5rnm xat24cr x1mh8g0r x1vvkbs xtlvy1s x126k92a\">\r\n<div dir=\"auto\">\"Hihetetlen! Az \u00e9lm\u00e9ny meg sem k\u00f6zel\u00edti azt amit elk\u00e9pzeltem. Sz\u00e9p mond\u00e1s: ne m\u00e1sokban keresd a v\u00e1laszt... a v\u00e1lasz benned van! Ha jobban belegondolunk, az \u00f6nvizsg\u00e1lat, saj\u00e1t magunk fel\u00fclvizsg\u00e1lata mindig is neh\u00e9z volt\u2026 eg\u00e9szen mostan\u00e1ig! Ez most egy m\u00e1sik t\u00f6rt\u00e9net.\"<\/div>\r\n<\/div>\r\n<div dir=\"auto\">\u00a0<\/div>\r\n<div class=\"x11i5rnm xat24cr x1mh8g0r x1vvkbs xtlvy1s x126k92a\">\r\n<div dir=\"auto\">\"A workshopon kreat\u00edvnak \u00e9s<\/div>\r\n<div dir=\"auto\">k\u00edv\u00e1ncsinak \u00e9reztem magam. Feszegethettem a hat\u00e1raimat, tele vagyok pozit\u00edv benyom\u00e1sokkal.\"<\/div>\r\n<div dir=\"auto\">\u00a0<\/div>\r\n<\/div>\r\n<\/div>\r\n<div class=\"x11i5rnm xat24cr x1mh8g0r x1vvkbs xtlvy1s x126k92a\">\r\n<p>A legk\u00f6zelebbi worshopra, janu\u00e1r 21-\u00e9n 11 \u00f3rakor ker\u00fcl sor a \u201eKlara i Rosa\u201d egyes\u00fclet \u00faj \u00e9p\u00fclet\u00e9ben, Szabadk\u00e1n, a Pet\u0151fi S\u00e1ndor utca 15 sz\u00e1m alatt. A r\u00e9szv\u00e9tel ingyenes.<\/p>\r\n<\/div>\r\n<p>&nbsp;<\/p>\r\n<\/div>\r\n<\/div>\r\n\u00a0 \u00a0 \u00a0 \u00a0 \u00a0<\/div>\r\n<\/div>\r\n<\/div>\r\n<\/div>\r\n<div dir=\"auto\"><br \/>\r\n<p>&nbsp;<\/p>\r\n<\/div>\r\n<\/div>\r\n<div dir=\"auto\">\r\n<div dir=\"auto\">\r\n<div class=\"kvgmc6g5 cxmmr5t8 oygrvhab hcukyx3x c1et5uql\">\r\n<div class=\"o9v6fnle cxmmr5t8 oygrvhab hcukyx3x c1et5uql ii04i59q\">\r\n<div dir=\"auto\">\r\n<div class=\"cxmmr5t8 oygrvhab hcukyx3x c1et5uql o9v6fnle\">\u00a0<\/div>\r\n<div>\u00a0<\/div>\r\n<div>\u00a0<\/div>\r\n<\/div>\r\n<\/div>\r\n<\/div>\r\n<\/div>\r\n<\/div>\r\n<\/div>\r\n<\/div>","protected":false},"excerpt":{"rendered":"<p>Udru\u017eenje \u201eKlara i Rosa\u201c iz Subotice, u saradnji sa udru\u017eenjem \u201eTahles\u201c, odr\u017ealo je prvu radionicu&#8230;<\/p>","protected":false},"author":2,"featured_media":6651,"comment_status":"closed","ping_status":"closed","sticky":false,"template":"","format":"standard","meta":{"inline_featured_image":false,"footnotes":""},"categories":[388,55],"tags":[387,53,197,389],"aioseo_notices":[],"_links":{"self":[{"href":"https:\/\/www.ckplac.org\/hu\/wp-json\/wp\/v2\/posts\/6643"}],"collection":[{"href":"https:\/\/www.ckplac.org\/hu\/wp-json\/wp\/v2\/posts"}],"about":[{"href":"https:\/\/www.ckplac.org\/hu\/wp-json\/wp\/v2\/types\/post"}],"author":[{"embeddable":true,"href":"https:\/\/www.ckplac.org\/hu\/wp-json\/wp\/v2\/users\/2"}],"replies":[{"embeddable":true,"href":"https:\/\/www.ckplac.org\/hu\/wp-json\/wp\/v2\/comments?post=6643"}],"version-history":[{"count":6,"href":"https:\/\/www.ckplac.org\/hu\/wp-json\/wp\/v2\/posts\/6643\/revisions"}],"predecessor-version":[{"id":6653,"href":"https:\/\/www.ckplac.org\/hu\/wp-json\/wp\/v2\/posts\/6643\/revisions\/6653"}],"wp:featuredmedia":[{"embeddable":true,"href":"https:\/\/www.ckplac.org\/hu\/wp-json\/wp\/v2\/media\/6651"}],"wp:attachment":[{"href":"https:\/\/www.ckplac.org\/hu\/wp-json\/wp\/v2\/media?parent=6643"}],"wp:term":[{"taxonomy":"category","embeddable":true,"href":"https:\/\/www.ckplac.org\/hu\/wp-json\/wp\/v2\/categories?post=6643"},{"taxonomy":"post_tag","embeddable":true,"href":"https:\/\/www.ckplac.org\/hu\/wp-json\/wp\/v2\/tags?post=6643"}],"curies":[{"name":"wp","href":"https:\/\/api.w.org\/{rel}","templated":true}]}}