{"id":6526,"date":"2022-11-14T11:39:23","date_gmt":"2022-11-14T10:39:23","guid":{"rendered":"https:\/\/www.ckplac.org\/?p=6526"},"modified":"2022-11-21T12:31:18","modified_gmt":"2022-11-21T11:31:18","slug":"kurbli-filmklub-agnes-varda-sem-fedel-sem-torveny","status":"publish","type":"post","link":"https:\/\/www.ckplac.org\/hu\/2022\/11\/14\/kurbli-filmklub-agnes-varda-sem-fedel-sem-torveny\/","title":{"rendered":"Kurbli Filmklub \/ Agn\u00e9s Varda: Sem fed\u00e9l, sem t\u00f6rv\u00e9ny"},"content":{"rendered":"\r\n<div class=\"o9v6fnle cxmmr5t8 oygrvhab hcukyx3x c1et5uql\">\r\n<div class=\"o9v6fnle cxmmr5t8 oygrvhab hcukyx3x c1et5uql\">\r\n<div class=\"kvgmc6g5 cxmmr5t8 oygrvhab hcukyx3x c1et5uql\">\r\n<div>U utorak 15. novembra 2022. gledamo film &#8211; Anje\u0161 Varda: Bez pokri\u0107a, bez zakona.<\/div>\r\n<div>.<\/div>\r\n<\/div>\r\n<\/div>\r\n<div><strong>19:00<\/strong> Centar (Bose Mili\u010devi\u0107 1).<\/div>\r\n<div class=\"o9v6fnle cxmmr5t8 oygrvhab hcukyx3x c1et5uql\">\r\n<div class=\"kvgmc6g5 cxmmr5t8 oygrvhab hcukyx3x c1et5uql\">\r\n<div>\u00a0<\/div>\r\n<div>\u00a0<\/div>\r\n<div class=\"o9v6fnle cxmmr5t8 oygrvhab hcukyx3x c1et5uql\">U\u010dlanite se u pratioce Kurbli Filmkluba tu: <a class=\"oajrlxb2 g5ia77u1 qu0x051f esr5mh6w e9989ue4 r7d6kgcz rq0escxv nhd2j8a9 nc684nl6 p7hjln8o kvgmc6g5 cxmmr5t8 oygrvhab hcukyx3x jb3vyjys rz4wbd8a qt6c0cv9 a8nywdso i1ao9s8h esuyzwwr f1sip0of lzcic4wl oo9gr5id gpro0wi8 lrazzd5p\" tabindex=\"0\" role=\"link\" href=\"https:\/\/www.facebook.com\/groups\/1114034995691790\/?__cft__[0]=AZUFcQKZIy1f2qqB8Wojr5eg-eyQnYndCLQ9r32COEqigcI1HJ4o3qdpSLTguQr07kcBNA9ehNRnVnjCSsn4Z5l1b10Ai67YZAlbOCncXmuEPMSaTOSOgrDIBGMZKS3O_z4&amp;__tn__=q\"><span class=\"nc684nl6\">https:\/\/www.facebook.com\/groups\/1114034995691790\/<\/span><\/a><\/div>\r\n<div class=\"o9v6fnle cxmmr5t8 oygrvhab hcukyx3x c1et5uql\">\u00a0<\/div>\r\n<\/div>\r\n<\/div>\r\n<\/div>\r\n<div class=\"o9v6fnle cxmmr5t8 oygrvhab hcukyx3x c1et5uql\">\r\n<div class=\"o9v6fnle cxmmr5t8 oygrvhab hcukyx3x c1et5uql\">\r\n<div>\u00a0<\/div>\r\n<div class=\"o9v6fnle cxmmr5t8 oygrvhab hcukyx3x c1et5uql\">Ulaz je slobodan!\u00a0<\/div>\r\n<\/div>\r\n<\/div>\r\n<div>\u00a0<\/div>\r\n<div>\u00a0<\/div>\r\n<div><a href=\"https:\/\/ctalker.org\/\">ctalker.org<\/a><\/div>\r\n<div><a href=\"https:\/\/www.facebook.com\/ctalkercsoport\" target=\"_blank\" rel=\"noopener\">facebook.com\/ctalkercsoport<\/a><\/div>\r\n","protected":false},"excerpt":{"rendered":"<p>U utorak 15. novembra 2022. gledamo film &#8211; Anje\u0161 Varda: Bez pokri\u0107a, bez zakona. &#8230;.<\/p>","protected":false},"author":2,"featured_media":6527,"comment_status":"closed","ping_status":"closed","sticky":false,"template":"","format":"standard","meta":{"inline_featured_image":false,"footnotes":""},"categories":[355,47],"tags":[323,260,239,288,243],"aioseo_notices":[],"_links":{"self":[{"href":"https:\/\/www.ckplac.org\/hu\/wp-json\/wp\/v2\/posts\/6526"}],"collection":[{"href":"https:\/\/www.ckplac.org\/hu\/wp-json\/wp\/v2\/posts"}],"about":[{"href":"https:\/\/www.ckplac.org\/hu\/wp-json\/wp\/v2\/types\/post"}],"author":[{"embeddable":true,"href":"https:\/\/www.ckplac.org\/hu\/wp-json\/wp\/v2\/users\/2"}],"replies":[{"embeddable":true,"href":"https:\/\/www.ckplac.org\/hu\/wp-json\/wp\/v2\/comments?post=6526"}],"version-history":[{"count":1,"href":"https:\/\/www.ckplac.org\/hu\/wp-json\/wp\/v2\/posts\/6526\/revisions"}],"predecessor-version":[{"id":6528,"href":"https:\/\/www.ckplac.org\/hu\/wp-json\/wp\/v2\/posts\/6526\/revisions\/6528"}],"wp:featuredmedia":[{"embeddable":true,"href":"https:\/\/www.ckplac.org\/hu\/wp-json\/wp\/v2\/media\/6527"}],"wp:attachment":[{"href":"https:\/\/www.ckplac.org\/hu\/wp-json\/wp\/v2\/media?parent=6526"}],"wp:term":[{"taxonomy":"category","embeddable":true,"href":"https:\/\/www.ckplac.org\/hu\/wp-json\/wp\/v2\/categories?post=6526"},{"taxonomy":"post_tag","embeddable":true,"href":"https:\/\/www.ckplac.org\/hu\/wp-json\/wp\/v2\/tags?post=6526"}],"curies":[{"name":"wp","href":"https:\/\/api.w.org\/{rel}","templated":true}]}}