{"id":6081,"date":"2022-04-15T14:23:28","date_gmt":"2022-04-15T12:23:28","guid":{"rendered":"https:\/\/www.ckplac.org\/?p=6081"},"modified":"2022-04-26T19:45:29","modified_gmt":"2022-04-26T17:45:29","slug":"radio-plac-ember-giricz-krisztian","status":"publish","type":"post","link":"https:\/\/www.ckplac.org\/hu\/2022\/04\/15\/radio-plac-ember-giricz-krisztian\/","title":{"rendered":"Radio Plac: Ember \u2013 Giricz Kriszti\u00e1n"},"content":{"rendered":"<div class=\"kvgmc6g5 cxmmr5t8 oygrvhab hcukyx3x c1et5uql\">\r\n<div class=\"o9v6fnle cxmmr5t8 oygrvhab hcukyx3x c1et5uql ii04i59q\">\r\n<div dir=\"auto\">\r\n<div dir=\"auto\">\r\n<div class=\"kvgmc6g5 cxmmr5t8 oygrvhab hcukyx3x c1et5uql\">\r\n<div class=\"o9v6fnle cxmmr5t8 oygrvhab hcukyx3x c1et5uql ii04i59q\">\r\n<div dir=\"auto\">P\u00e9ntek, 2022. \u00e1prilis 15., 17 \u00f3ra. Ism\u00e9tl\u00e9s, kedd, 17 \u00f3ra.<\/div>\r\n<\/div>\r\n<div class=\"o9v6fnle cxmmr5t8 oygrvhab hcukyx3x c1et5uql ii04i59q\">\r\n<div dir=\"auto\">\r\n<div>\r\n<p>&nbsp;<\/p>\r\n<p>Giricz Kriszti\u00e1n \u00dajvid\u00e9ken sz\u00fcletett. Az \u00e1ltal\u00e1nos \u00e9s k\u00f6z\u00e9piskol\u00e1t is \u00dajvid\u00e9ken fejezte be. Majd miut\u00e1n az \u00dajvid\u00e9ki Sz\u00ednh\u00e1zban megismerkedett a hajszobr\u00e1szattal, felvett\u00e9k a Szabadkai N\u00e9psz\u00ednh\u00e1z fodr\u00e1sz\u00e1nak, ahol h\u00e9t \u00e9ven kereszt\u00fcl dolgozott. \u00c9letfiloz\u00f3fi\u00e1ja: \u201eamit adsz azt kapsz is\u201d. A fodr\u00e1szat, id\u0151 k\u00f6zben a szenved\u00e9ly\u00e9v\u00e9 v\u00e1lt, melynek tud\u00e1sanyag\u00e1t m\u00e1ig nagy odaad\u00e1ssal fejleszti mag\u00e1ban, mert a t\u00f6k\u00e9letess\u00e9gre t\u00f6rekszik.<br \/>P\u00e1r \u00e9ves budapesti kit\u00e9r\u0151 ut\u00e1n, 2021-ben visszat\u00e9rt Szabadk\u00e1ra.<\/p>\r\n<p>&nbsp;<\/p>\r\n<p>Csongor Sz\u00e1sz f\u00fcggetlen k\u00f6z\u00e8leti r\u00e1di\u00f3m\u0171sora a t\u00e1gan \u00e9rtelmezett kort\u00e1rsakat mutatja be.<\/p>\r\n<\/div>\r\n<p>.<\/p>\r\n<div>\r\n<p>Fot\u00f3: Bojana Juri\u0107<\/p>\r\n<p>.<\/p>\r\n<p><iframe loading=\"lazy\" title=\"11. Ember - Giricz Kriszti\u00e1n\" width=\"100%\" height=\"120\" src=\"https:\/\/www.mixcloud.com\/widget\/iframe\/?feed=https%3A%2F%2Fwww.mixcloud.com%2Fradioplac%2F11-ember-giricz-kriszti%25C3%25A1n%2F&amp;hide_cover=1\" frameborder=\"0\"><\/iframe><\/p>\r\n<\/div>\r\n<div>\r\n<p>.<\/p>\r\n<p>Az el\u0151ad\u00e1s a Klara \u00e9s Rosa PE \u00e9s a Kort\u00e1rs Kultur\u00e1lis \u00e9s M\u0171v\u00e9szeti K\u00f6zpont projektj\u00e9ben, a \"Kort\u00e1rs Kultur\u00e1lis \u00e9s M\u0171v\u00e9szeti K\u00f6zpont a t\u00e1rsadalmi v\u00e1ltoz\u00e1sok\" program keret\u00e9ben val\u00f3sul meg.  A projektet a Nemzeti Koal\u00edci\u00f3 a Decentraliz\u00e1ci\u00f3\u00e9rt, a Jelena \u0160anti\u0107 Alap\u00edtv\u00e1ny, a 484-es Csoport \u00e9s az Eur\u00f3pai Uni\u00f3 t\u00e1mogatja.\n..<br \/>..<br \/><br \/>#EUzaTebe<br \/>@eusrbija<\/p>\r\n<\/div>\r\n<div class=\"o9v6fnle cxmmr5t8 oygrvhab hcukyx3x c1et5uql ii04i59q\">\r\n<div dir=\"auto\">\r\n<div>\u00a0<\/div>\r\n<\/div>\r\n<div>\u00a0<\/div>\r\n<\/div>\r\n<\/div>\r\n<\/div>\r\n<\/div>\r\n<div dir=\"auto\">\u00a0<\/div>\r\n<\/div>\r\n<\/div>\r\n<div dir=\"auto\">\u00a0<\/div>\r\n<div dir=\"auto\">\r\n<div dir=\"auto\">\r\n<div class=\"kvgmc6g5 cxmmr5t8 oygrvhab hcukyx3x c1et5uql\">\r\n<div class=\"o9v6fnle cxmmr5t8 oygrvhab hcukyx3x c1et5uql ii04i59q\">\r\n<div dir=\"auto\">\r\n<p><img decoding=\"async\" loading=\"lazy\" class=\"alignnone wp-image-4957\" src=\"https:\/\/www.ckplac.org\/wp-content\/uploads\/2021\/11\/eu-300x79.png\" alt=\"\" width=\"235\" height=\"62\" srcset=\"https:\/\/www.ckplac.org\/wp-content\/uploads\/2021\/11\/eu-300x79.png 300w, https:\/\/www.ckplac.org\/wp-content\/uploads\/2021\/11\/eu-18x5.png 18w, https:\/\/www.ckplac.org\/wp-content\/uploads\/2021\/11\/eu.png 441w\" sizes=\"(max-width: 235px) 100vw, 235px\" \/><\/p>\r\n<p>&nbsp;<\/p>\r\n<p><img decoding=\"async\" loading=\"lazy\" class=\"alignnone size-medium wp-image-4959\" src=\"https:\/\/www.ckplac.org\/wp-content\/uploads\/2021\/11\/484-fjs-nkd-300x71.png\" alt=\"\" width=\"300\" height=\"71\" srcset=\"https:\/\/www.ckplac.org\/wp-content\/uploads\/2021\/11\/484-fjs-nkd-300x71.png 300w, https:\/\/www.ckplac.org\/wp-content\/uploads\/2021\/11\/484-fjs-nkd-18x4.png 18w, https:\/\/www.ckplac.org\/wp-content\/uploads\/2021\/11\/484-fjs-nkd.png 492w\" sizes=\"(max-width: 300px) 100vw, 300px\" \/><\/p>\r\n<\/div>\r\n<\/div>\r\n<\/div>\r\n<\/div>\r\n<\/div>\r\n<div dir=\"auto\">\u00a0<\/div>\r\n<div dir=\"auto\">\r\n<div dir=\"auto\">\r\n<div class=\"kvgmc6g5 cxmmr5t8 oygrvhab hcukyx3x c1et5uql\">\r\n<div class=\"o9v6fnle cxmmr5t8 oygrvhab hcukyx3x c1et5uql ii04i59q\">\r\n<div dir=\"auto\">\u00a0<\/div>\r\n<\/div>\r\n<\/div>\r\n<\/div>\r\n<\/div>\r\n<\/div>\r\n<\/div>","protected":false},"excerpt":{"rendered":"<p>Petak, 15. april 2022, 17h, repriza utorak, 19. aprilod 17h. &nbsp; Kristijan Giric je ro\u0111en&#8230;<\/p>","protected":false},"author":2,"featured_media":6082,"comment_status":"closed","ping_status":"closed","sticky":false,"template":"","format":"standard","meta":{"inline_featured_image":false,"footnotes":""},"categories":[355,52],"tags":[323,306,53,196,243],"aioseo_notices":[],"_links":{"self":[{"href":"https:\/\/www.ckplac.org\/hu\/wp-json\/wp\/v2\/posts\/6081"}],"collection":[{"href":"https:\/\/www.ckplac.org\/hu\/wp-json\/wp\/v2\/posts"}],"about":[{"href":"https:\/\/www.ckplac.org\/hu\/wp-json\/wp\/v2\/types\/post"}],"author":[{"embeddable":true,"href":"https:\/\/www.ckplac.org\/hu\/wp-json\/wp\/v2\/users\/2"}],"replies":[{"embeddable":true,"href":"https:\/\/www.ckplac.org\/hu\/wp-json\/wp\/v2\/comments?post=6081"}],"version-history":[{"count":2,"href":"https:\/\/www.ckplac.org\/hu\/wp-json\/wp\/v2\/posts\/6081\/revisions"}],"predecessor-version":[{"id":6160,"href":"https:\/\/www.ckplac.org\/hu\/wp-json\/wp\/v2\/posts\/6081\/revisions\/6160"}],"wp:featuredmedia":[{"embeddable":true,"href":"https:\/\/www.ckplac.org\/hu\/wp-json\/wp\/v2\/media\/6082"}],"wp:attachment":[{"href":"https:\/\/www.ckplac.org\/hu\/wp-json\/wp\/v2\/media?parent=6081"}],"wp:term":[{"taxonomy":"category","embeddable":true,"href":"https:\/\/www.ckplac.org\/hu\/wp-json\/wp\/v2\/categories?post=6081"},{"taxonomy":"post_tag","embeddable":true,"href":"https:\/\/www.ckplac.org\/hu\/wp-json\/wp\/v2\/tags?post=6081"}],"curies":[{"name":"wp","href":"https:\/\/api.w.org\/{rel}","templated":true}]}}