{"id":5756,"date":"2022-02-26T14:55:35","date_gmt":"2022-02-26T13:55:35","guid":{"rendered":"https:\/\/www.ckplac.org\/?p=5756"},"modified":"2022-03-21T09:23:39","modified_gmt":"2022-03-21T08:23:39","slug":"edita-kadiric-kasting","status":"publish","type":"post","link":"https:\/\/www.ckplac.org\/hu\/2022\/02\/26\/edita-kadiric-kasting\/","title":{"rendered":"Edita Kadiri\u0107 \/ Kasting"},"content":{"rendered":"<div dir=\"auto\">\n<div>Otvaranje izlozbe Kasting suboti\u010dke umetnice Edite Kadiri\u0107, odr\u017ea\u0107e se u galeriji Ulus (Knez Mihaila 37, Beograd), 2. marta 2022. godine u 18 h. Izlo\u017eba \u0107e biti postavljena do 14 marta 2022.<\/div>\n<\/div>","protected":false},"excerpt":{"rendered":"<p>Otvaranje izlozbe Kasting suboti\u010dke umetnice Edite Kadiri\u0107, odr\u017ea\u0107e se u galeriji Ulus (Knez Mihaila 37,&#8230;<\/p>","protected":false},"author":2,"featured_media":5757,"comment_status":"closed","ping_status":"closed","sticky":false,"template":"","format":"standard","meta":{"inline_featured_image":false,"footnotes":""},"categories":[355,45],"tags":[323,268],"aioseo_notices":[],"_links":{"self":[{"href":"https:\/\/www.ckplac.org\/hu\/wp-json\/wp\/v2\/posts\/5756"}],"collection":[{"href":"https:\/\/www.ckplac.org\/hu\/wp-json\/wp\/v2\/posts"}],"about":[{"href":"https:\/\/www.ckplac.org\/hu\/wp-json\/wp\/v2\/types\/post"}],"author":[{"embeddable":true,"href":"https:\/\/www.ckplac.org\/hu\/wp-json\/wp\/v2\/users\/2"}],"replies":[{"embeddable":true,"href":"https:\/\/www.ckplac.org\/hu\/wp-json\/wp\/v2\/comments?post=5756"}],"version-history":[{"count":1,"href":"https:\/\/www.ckplac.org\/hu\/wp-json\/wp\/v2\/posts\/5756\/revisions"}],"predecessor-version":[{"id":5758,"href":"https:\/\/www.ckplac.org\/hu\/wp-json\/wp\/v2\/posts\/5756\/revisions\/5758"}],"wp:featuredmedia":[{"embeddable":true,"href":"https:\/\/www.ckplac.org\/hu\/wp-json\/wp\/v2\/media\/5757"}],"wp:attachment":[{"href":"https:\/\/www.ckplac.org\/hu\/wp-json\/wp\/v2\/media?parent=5756"}],"wp:term":[{"taxonomy":"category","embeddable":true,"href":"https:\/\/www.ckplac.org\/hu\/wp-json\/wp\/v2\/categories?post=5756"},{"taxonomy":"post_tag","embeddable":true,"href":"https:\/\/www.ckplac.org\/hu\/wp-json\/wp\/v2\/tags?post=5756"}],"curies":[{"name":"wp","href":"https:\/\/api.w.org\/{rel}","templated":true}]}}