{"id":5477,"date":"2022-01-25T09:36:00","date_gmt":"2022-01-25T08:36:00","guid":{"rendered":"https:\/\/www.ckplac.org\/?p=5477"},"modified":"2022-03-26T21:43:08","modified_gmt":"2022-03-26T20:43:08","slug":"radio-plac-subotica-polet-omladinska-emisija-2","status":"publish","type":"post","link":"https:\/\/www.ckplac.org\/hu\/2022\/01\/25\/radio-plac-subotica-polet-omladinska-emisija-2\/","title":{"rendered":"Radio Plac Subotica \/ Polet, ifj\u00fas\u00e1gi m\u0171sor 2"},"content":{"rendered":"<div class=\"kvgmc6g5 cxmmr5t8 oygrvhab hcukyx3x c1et5uql\">\r\n<div class=\"o9v6fnle cxmmr5t8 oygrvhab hcukyx3x c1et5uql ii04i59q\">\r\n<div dir=\"auto\">A Polet (Lend\u00fclet) ifj\u00fas\u00e1gi m\u0171sor egy olyan hangforma, amely azokat a meg\u00e1llap\u00edt\u00e1sokat dokument\u00e1lja, amelyekre a Ker\u00fclj Be ifj\u00fas\u00e1gi klubban megtartott tal\u00e1lkoz\u00f3kon r\u00e9szt vev\u0151 k\u00f6z\u00e9piskol\u00e1sok jutnak. <br \/>A m\u00e1sodik m\u0171sorban arr\u00f3l besz\u00e9lgettek, hogy mi hi\u00e1nyzik a fiataloknak a v\u00e1ros\u00e1ban, valamint a k\u00f6rnyezetv\u00e9delem is t\u00e9m\u00e1k k\u00f6z\u00f6tt szerepelt.  \nA m\u0171sor a R\u00e1di\u00f3 Plac m\u0171sor\u00e1ban janu\u00e1r 26-\u00e1n, szerd\u00e1n 17 \u00f3rakor, az ism\u00e9tl\u00e9s pedig janu\u00e1r 30-\u00e1n, vas\u00e1rnap 13 \u00f3rakor lesz.\u00a0<\/div>\r\n<div dir=\"auto\"><br \/>Hangok: Jovana \u0160ar\u010devi\u0107, Stefan A\u0107imovi\u0107, Tea Naran\u010di\u0107, Valentina Ma\u010dkovi\u0107, Juh\u00e1sz Nikolett, Jelena Koji\u0107, Rad\u00f3cki Krist\u00f3f, Ksenija Lazi\u0107, Ivana Ra\u0111enovi\u0107, Daniela Mamu\u017ei\u0107, Gordana Vukov Ciganjik.<\/div>\r\n<\/div>\r\n<\/div>\r\n<div dir=\"auto\">\u00a0<\/div>\r\n<div dir=\"auto\">A m\u0171sor a Polet 21\/22 (Lend\u00fclet 21\/22) projekt keret\u00e9n bel\u00fcl j\u00f6tt l\u00e9tre, amelyet a Klara \u00e9s Rosa PE \u00e9s a Maglo\u010dista\u010d bonyol\u00edt le a Belgr\u00e1di Nyitott Iskola (BO\u0160) \u2013 a Sv\u00e9d Kir\u00e1lys\u00e1g t\u00e1mogat\u00e1s\u00e1val megval\u00f3sul\u00f3 \u2013 Fiatalok \u00e9s a m\u00e9diumok a demokratikus fejl\u0151d\u00e9s\u00e9rt nevet visel\u0151 programj\u00e1n kereszt\u00fcl.<\/div>\r\n<div class=\"kvgmc6g5 cxmmr5t8 oygrvhab hcukyx3x c1et5uql\">\r\n<div class=\"o9v6fnle cxmmr5t8 oygrvhab hcukyx3x c1et5uql ii04i59q\">\r\n<div dir=\"auto\">\r\n<div dir=\"auto\">\r\n<div class=\"kvgmc6g5 cxmmr5t8 oygrvhab hcukyx3x c1et5uql\">\r\n<div class=\"o9v6fnle cxmmr5t8 oygrvhab hcukyx3x c1et5uql ii04i59q\">\r\n<div dir=\"auto\">\u00a0<\/div>\r\n<\/div>\r\n<\/div>\r\n<\/div>\r\n<\/div>\r\n<\/div>\r\n<\/div>","protected":false},"excerpt":{"rendered":"<p>Omladinska emisija Polet je zvu\u010dna forma koja dokumentuje neke od zaklju\u010daka do kojih u\u010desnici radionica&#8230;<\/p>","protected":false},"author":2,"featured_media":5478,"comment_status":"closed","ping_status":"closed","sticky":false,"template":"","format":"standard","meta":{"inline_featured_image":false,"footnotes":""},"categories":[355,55],"tags":[323,53,334,333,196],"aioseo_notices":[],"_links":{"self":[{"href":"https:\/\/www.ckplac.org\/hu\/wp-json\/wp\/v2\/posts\/5477"}],"collection":[{"href":"https:\/\/www.ckplac.org\/hu\/wp-json\/wp\/v2\/posts"}],"about":[{"href":"https:\/\/www.ckplac.org\/hu\/wp-json\/wp\/v2\/types\/post"}],"author":[{"embeddable":true,"href":"https:\/\/www.ckplac.org\/hu\/wp-json\/wp\/v2\/users\/2"}],"replies":[{"embeddable":true,"href":"https:\/\/www.ckplac.org\/hu\/wp-json\/wp\/v2\/comments?post=5477"}],"version-history":[{"count":3,"href":"https:\/\/www.ckplac.org\/hu\/wp-json\/wp\/v2\/posts\/5477\/revisions"}],"predecessor-version":[{"id":5481,"href":"https:\/\/www.ckplac.org\/hu\/wp-json\/wp\/v2\/posts\/5477\/revisions\/5481"}],"wp:featuredmedia":[{"embeddable":true,"href":"https:\/\/www.ckplac.org\/hu\/wp-json\/wp\/v2\/media\/5478"}],"wp:attachment":[{"href":"https:\/\/www.ckplac.org\/hu\/wp-json\/wp\/v2\/media?parent=5477"}],"wp:term":[{"taxonomy":"category","embeddable":true,"href":"https:\/\/www.ckplac.org\/hu\/wp-json\/wp\/v2\/categories?post=5477"},{"taxonomy":"post_tag","embeddable":true,"href":"https:\/\/www.ckplac.org\/hu\/wp-json\/wp\/v2\/tags?post=5477"}],"curies":[{"name":"wp","href":"https:\/\/api.w.org\/{rel}","templated":true}]}}