{"id":5420,"date":"2022-01-21T09:00:14","date_gmt":"2022-01-21T08:00:14","guid":{"rendered":"https:\/\/www.ckplac.org\/?p=5420"},"modified":"2022-03-26T21:42:57","modified_gmt":"2022-03-26T20:42:57","slug":"radio-plac-subotica-ember-salamon-csaba","status":"publish","type":"post","link":"https:\/\/www.ckplac.org\/hu\/2022\/01\/21\/radio-plac-subotica-ember-salamon-csaba\/","title":{"rendered":"Radio Plac Subotica \/ EMBER: Salamon Csaba"},"content":{"rendered":"<div class=\"kvgmc6g5 cxmmr5t8 oygrvhab hcukyx3x c1et5uql\">\r\n<div class=\"o9v6fnle cxmmr5t8 oygrvhab hcukyx3x c1et5uql ii04i59q\">\r\n<div dir=\"auto\">\r\n<div dir=\"auto\">\r\n<div class=\"kvgmc6g5 cxmmr5t8 oygrvhab hcukyx3x c1et5uql\">\r\n<div class=\"o9v6fnle cxmmr5t8 oygrvhab hcukyx3x c1et5uql ii04i59q\">\r\n<div dir=\"auto\">\r\n<div class=\"kvgmc6g5 cxmmr5t8 oygrvhab hcukyx3x c1et5uql ii04i59q\">\r\n<div dir=\"auto\">Fot\u00f3: Otto Vincze<\/div>\r\n<div dir=\"auto\">\u00a0<\/div>\r\n<div dir=\"auto\">P\u00e9ntek, 2022. janu\u00e1r 21., 17 \u00f3ra. R: kedd 17 \u00f3ra.<\/div>\r\n<div dir=\"auto\">\u00a0<\/div>\r\n<div dir=\"auto\">Megk\u00f6t\u00e9sek n\u00e9lk\u00fcl. Ki-mivel foglalkozik, ki mit gondol, ki mit szeret, mihez \u00e9rt, honnan j\u00f6tt \u00e8s hov\u00e1 tart. Az EMBER c\u00edm\u0171 k\u00e9thetente jelentkez\u0151 besz\u00e8lget\u0151m\u0171sor nem csak m\u0171v\u00e9szeket sz\u00f3l\u00edt meg, hanem szinte b\u00e1rkit, b\u00e1rhonnan.<\/div>\r\n<\/div>\r\n<\/div>\r\n<\/div>\r\n<div dir=\"auto\">\u00a0<\/div>\r\n<div class=\"o9v6fnle cxmmr5t8 oygrvhab hcukyx3x c1et5uql ii04i59q\">\r\n<div dir=\"auto\">\r\n<div class=\"o9v6fnle cxmmr5t8 oygrvhab hcukyx3x c1et5uql ii04i59q\">\r\n<div dir=\"auto\">\r\n<p>Salamon Csaba 1979. november 10. sz\u00fcletett Baj\u00e1n. Majd Balatonalig\u00e1n, k\u00e9s\u0151bb a szerb\u2013magyar hat\u00e1r melletti D\u00e1vodon \u00e9lt. A gimn\u00e1zium ut\u00e1n Budapestre k\u00f6lt\u00f6z\u00f6tt. A f\u0151v\u00e1rosban sok munkahelyen megfordult, f\u0151leg sz\u00e1m\u00edt\u00f3g\u00e9pes grafik\u00e1val foglalkozott.<\/p>\r\n<p>2006-ban Londonba k\u00f6lt\u00f6z\u00f6tt \u00e9s 2011 \u00f3ta ipari alpinistak\u00e9nt dolgozik a v\u00e1rosban. K\u00f6zben bej\u00e1rta Azerbajdzsant, G\u00f6r\u00f6gorsz\u00e1got, Olaszorsz\u00e1got, Thaif\u00f6ldet, Kambodzs\u00e1t, Ciprust. K\u00e9tszer volt Amerik\u00e1ban \u00e9s Peruban, h\u00e1romszor Mexik\u00f3ban.<\/p>\r\n<p>&nbsp;<\/p>\r\n<p><a href=\"https:\/\/soundcloud.com\/csaba-salamon?fbclid=IwAR2j2bKQneZP0AwZiz7sE5rO7IAgw7AD-ADDYzDdlWdPXElazr45rHjoBWI\">https:\/\/soundcloud.com\/csaba-salamon<\/a><\/p>\r\n<\/div>\r\n<div dir=\"auto\">\u00a0<\/div>\r\n<div dir=\"auto\">\u00a0<\/div>\r\n<div dir=\"auto\">Csongor Sz\u00e1sz f\u00fcggetlen k\u00f6z\u00e8leti r\u00e1di\u00f3m\u0171sora a t\u00e1gan \u00e9rtelmezett kort\u00e1rsakat mutatja be.<\/div>\r\n<div dir=\"auto\">\u00a0<\/div>\r\n<div dir=\"auto\">\r\n<div class=\"o9v6fnle cxmmr5t8 oygrvhab hcukyx3x c1et5uql\">Az el\u0151ad\u00e1s a Klara \u00e9s Rosa PE \u00e9s a Kort\u00e1rs Kultur\u00e1lis \u00e9s M\u0171v\u00e9szeti K\u00f6zpont projektj\u00e9ben, a \"Kort\u00e1rs Kultur\u00e1lis \u00e9s M\u0171v\u00e9szeti K\u00f6zpont a t\u00e1rsadalmi v\u00e1ltoz\u00e1sok\" program keret\u00e9ben val\u00f3sul meg.  A projektet a Nemzeti Koal\u00edci\u00f3 a Decentraliz\u00e1ci\u00f3\u00e9rt, a Jelena \u0160anti\u0107 Alap\u00edtv\u00e1ny, a 484-es Csoport \u00e9s az Eur\u00f3pai Uni\u00f3 t\u00e1mogatja.\n..<\/div>\r\n<div>..<\/div>\r\n<div>\u00a0<\/div>\r\n<div class=\"o9v6fnle cxmmr5t8 oygrvhab hcukyx3x c1et5uql\">#EUzaTebe<br \/>@eusrbija<\/div>\r\n<\/div>\r\n<\/div>\r\n<div>\u00a0<\/div>\r\n<div class=\"o9v6fnle cxmmr5t8 oygrvhab hcukyx3x c1et5uql ii04i59q\">\r\n<div dir=\"auto\">\r\n<div>\u00a0<\/div>\r\n<\/div>\r\n<div>\r\n<p><iframe loading=\"lazy\" title=\"05. Ember - Salamon Csaba\" width=\"100%\" height=\"120\" src=\"https:\/\/www.mixcloud.com\/widget\/iframe\/?feed=https%3A%2F%2Fwww.mixcloud.com%2Fradioplac%2F05-ember-salamon-csaba%2F&amp;hide_cover=1\" frameborder=\"0\"><\/iframe><\/p>\r\n<\/div>\r\n<\/div>\r\n<\/div>\r\n<\/div>\r\n<\/div>\r\n<div dir=\"auto\">\u00a0<\/div>\r\n<\/div>\r\n<\/div>\r\n<div dir=\"auto\">\u00a0<\/div>\r\n<div dir=\"auto\">\r\n<div dir=\"auto\">\r\n<div class=\"kvgmc6g5 cxmmr5t8 oygrvhab hcukyx3x c1et5uql\">\r\n<div class=\"o9v6fnle cxmmr5t8 oygrvhab hcukyx3x c1et5uql ii04i59q\">\r\n<div dir=\"auto\">\r\n<p><img decoding=\"async\" loading=\"lazy\" class=\"alignnone wp-image-4957\" src=\"https:\/\/www.ckplac.org\/wp-content\/uploads\/2021\/11\/eu-300x79.png\" alt=\"\" width=\"235\" height=\"62\" srcset=\"https:\/\/www.ckplac.org\/wp-content\/uploads\/2021\/11\/eu-300x79.png 300w, https:\/\/www.ckplac.org\/wp-content\/uploads\/2021\/11\/eu-18x5.png 18w, https:\/\/www.ckplac.org\/wp-content\/uploads\/2021\/11\/eu.png 441w\" sizes=\"(max-width: 235px) 100vw, 235px\" \/><\/p>\r\n<p>&nbsp;<\/p>\r\n<p><img decoding=\"async\" loading=\"lazy\" class=\"alignnone size-medium wp-image-4959\" src=\"https:\/\/www.ckplac.org\/wp-content\/uploads\/2021\/11\/484-fjs-nkd-300x71.png\" alt=\"\" width=\"300\" height=\"71\" srcset=\"https:\/\/www.ckplac.org\/wp-content\/uploads\/2021\/11\/484-fjs-nkd-300x71.png 300w, https:\/\/www.ckplac.org\/wp-content\/uploads\/2021\/11\/484-fjs-nkd-18x4.png 18w, https:\/\/www.ckplac.org\/wp-content\/uploads\/2021\/11\/484-fjs-nkd.png 492w\" sizes=\"(max-width: 300px) 100vw, 300px\" \/><\/p>\r\n<\/div>\r\n<\/div>\r\n<\/div>\r\n<\/div>\r\n<\/div>\r\n<div dir=\"auto\">\u00a0<\/div>\r\n<div dir=\"auto\">\r\n<div dir=\"auto\">\r\n<div class=\"kvgmc6g5 cxmmr5t8 oygrvhab hcukyx3x c1et5uql\">\r\n<div class=\"o9v6fnle cxmmr5t8 oygrvhab hcukyx3x c1et5uql ii04i59q\">\r\n<div dir=\"auto\">\u00a0<\/div>\r\n<\/div>\r\n<\/div>\r\n<\/div>\r\n<\/div>\r\n<\/div>\r\n<\/div>","protected":false},"excerpt":{"rendered":"<p>Foto: Otto Vincze \u00a0 Petak, 21. januar 2022, 17h, repriza utorak 17h. \u00a0 Emisija o&#8230;<\/p>","protected":false},"author":2,"featured_media":5421,"comment_status":"closed","ping_status":"closed","sticky":false,"template":"","format":"standard","meta":{"inline_featured_image":false,"footnotes":""},"categories":[355,52],"tags":[244,306,53,196,330,243],"aioseo_notices":[],"_links":{"self":[{"href":"https:\/\/www.ckplac.org\/hu\/wp-json\/wp\/v2\/posts\/5420"}],"collection":[{"href":"https:\/\/www.ckplac.org\/hu\/wp-json\/wp\/v2\/posts"}],"about":[{"href":"https:\/\/www.ckplac.org\/hu\/wp-json\/wp\/v2\/types\/post"}],"author":[{"embeddable":true,"href":"https:\/\/www.ckplac.org\/hu\/wp-json\/wp\/v2\/users\/2"}],"replies":[{"embeddable":true,"href":"https:\/\/www.ckplac.org\/hu\/wp-json\/wp\/v2\/comments?post=5420"}],"version-history":[{"count":2,"href":"https:\/\/www.ckplac.org\/hu\/wp-json\/wp\/v2\/posts\/5420\/revisions"}],"predecessor-version":[{"id":5672,"href":"https:\/\/www.ckplac.org\/hu\/wp-json\/wp\/v2\/posts\/5420\/revisions\/5672"}],"wp:featuredmedia":[{"embeddable":true,"href":"https:\/\/www.ckplac.org\/hu\/wp-json\/wp\/v2\/media\/5421"}],"wp:attachment":[{"href":"https:\/\/www.ckplac.org\/hu\/wp-json\/wp\/v2\/media?parent=5420"}],"wp:term":[{"taxonomy":"category","embeddable":true,"href":"https:\/\/www.ckplac.org\/hu\/wp-json\/wp\/v2\/categories?post=5420"},{"taxonomy":"post_tag","embeddable":true,"href":"https:\/\/www.ckplac.org\/hu\/wp-json\/wp\/v2\/tags?post=5420"}],"curies":[{"name":"wp","href":"https:\/\/api.w.org\/{rel}","templated":true}]}}