{"id":5345,"date":"2021-12-31T15:18:27","date_gmt":"2021-12-31T14:18:27","guid":{"rendered":"https:\/\/www.ckplac.org\/?p=5345"},"modified":"2022-03-26T21:41:12","modified_gmt":"2022-03-26T20:41:12","slug":"radio-plac-ember-kristovac-dijana","status":"publish","type":"post","link":"https:\/\/www.ckplac.org\/hu\/2021\/12\/31\/radio-plac-ember-kristovac-dijana\/","title":{"rendered":"Plac R\u00e1di\u00f3 \/ EMBER: Kristovac Dijana"},"content":{"rendered":"<div class=\"kvgmc6g5 cxmmr5t8 oygrvhab hcukyx3x c1et5uql\">\r\n<div class=\"o9v6fnle cxmmr5t8 oygrvhab hcukyx3x c1et5uql ii04i59q\">\r\n<div dir=\"auto\">\r\n<div dir=\"auto\">\r\n<div class=\"kvgmc6g5 cxmmr5t8 oygrvhab hcukyx3x c1et5uql\">\r\n<div class=\"o9v6fnle cxmmr5t8 oygrvhab hcukyx3x c1et5uql ii04i59q\">\r\n<div dir=\"auto\">\r\n<div class=\"kvgmc6g5 cxmmr5t8 oygrvhab hcukyx3x c1et5uql ii04i59q\">\r\n<div dir=\"auto\">P\u00e9ntek, 2021. december 31., 17 \u00f3ra. R: kedd 17 \u00f3ra.<\/div>\r\n<div dir=\"auto\">\u00a0<\/div>\r\n<div dir=\"auto\">Megk\u00f6t\u00e9sek n\u00e9lk\u00fcl. Ki-mivel foglalkozik, ki mit gondol, ki mit szeret, mihez \u00e9rt, honnan j\u00f6tt \u00e8s hov\u00e1 tart. Az EMBER c\u00edm\u0171 k\u00e9thetente jelentkez\u0151 besz\u00e8lget\u0151m\u0171sor nem csak m\u0171v\u00e9szeket sz\u00f3l\u00edt meg, hanem szinte b\u00e1rkit, b\u00e1rhonnan.<\/div>\r\n<\/div>\r\n<\/div>\r\n<\/div>\r\n<\/div>\r\n<div dir=\"auto\">\u00a0<\/div>\r\n<div class=\"kvgmc6g5 cxmmr5t8 oygrvhab hcukyx3x c1et5uql\">\r\n<div class=\"o9v6fnle cxmmr5t8 oygrvhab hcukyx3x c1et5uql ii04i59q\">\r\n<div dir=\"auto\">\r\n<div class=\"o9v6fnle cxmmr5t8 oygrvhab hcukyx3x c1et5uql ii04i59q\">\r\n<div dir=\"auto\">\r\n<p>Kristovac Dijana Szabadk\u00e1n sz\u00fcletett 2002. m\u00e1jus 23-\u00e1n, Palicson \u00e9l, ahol az O\u0160 Miroslav Anti\u0107 \u00e1ltal\u00e1nos iskol\u00e1t fejezte. K\u00f6z\u00e9piskol\u00e1ba 2017-t\u0151l 2021-ig Szabadk\u00e1n j\u00e1rt, ahol divattervez\u0151i tanulm\u00e1nyokat folytatott ( Modelar ode\u0107e) szerb nyelven. T\u00e1rsalg\u00e1si szinten besz\u00e9l angolul, a magyart \u00e9s a szerbet anyanyelvi szinten haszn\u00e1lja. Jelenleg keresi a saj\u00e1t \u00fatj\u00e1t \u00e9s nagy lelkesed\u00e9ssel \u00e9s nyitotts\u00e1ggal figyeli a vil\u00e1got.<\/p>\r\n<\/div>\r\n<div dir=\"auto\">\u00a0<\/div>\r\n<\/div>\r\n<div dir=\"auto\">\u00a0<\/div>\r\n<div class=\"o9v6fnle cxmmr5t8 oygrvhab hcukyx3x c1et5uql ii04i59q\">\r\n<div dir=\"auto\">Csongor Sz\u00e1sz f\u00fcggetlen k\u00f6z\u00e8leti r\u00e1di\u00f3m\u0171sora a t\u00e1gan \u00e9rtelmezett kort\u00e1rsakat mutatja be.<\/div>\r\n<\/div>\r\n<\/div>\r\n<div dir=\"auto\">\u00a0<\/div>\r\n<\/div>\r\n<div dir=\"auto\">\u00a0<\/div>\r\n<div class=\"o9v6fnle cxmmr5t8 oygrvhab hcukyx3x c1et5uql ii04i59q\">\r\n<div dir=\"auto\">\r\n<div class=\"o9v6fnle cxmmr5t8 oygrvhab hcukyx3x c1et5uql ii04i59q\">\r\n<div dir=\"auto\">\r\n<div><img decoding=\"async\" loading=\"lazy\" class=\"alignnone size-medium wp-image-5346\" src=\"https:\/\/www.ckplac.org\/wp-content\/uploads\/2021\/12\/269249564_213027307689560_4167610668120404660_n-246x300.jpg\" alt=\"\" width=\"246\" height=\"300\" srcset=\"https:\/\/www.ckplac.org\/wp-content\/uploads\/2021\/12\/269249564_213027307689560_4167610668120404660_n-246x300.jpg 246w, https:\/\/www.ckplac.org\/wp-content\/uploads\/2021\/12\/269249564_213027307689560_4167610668120404660_n-600x732.jpg 600w, https:\/\/www.ckplac.org\/wp-content\/uploads\/2021\/12\/269249564_213027307689560_4167610668120404660_n-10x12.jpg 10w, https:\/\/www.ckplac.org\/wp-content\/uploads\/2021\/12\/269249564_213027307689560_4167610668120404660_n.jpg 675w\" sizes=\"(max-width: 246px) 100vw, 246px\" \/><\/div>\r\n<\/div>\r\n<div>\u00a0<\/div>\r\n<\/div>\r\n<div>\u00a0<\/div>\r\n<div class=\"o9v6fnle cxmmr5t8 oygrvhab hcukyx3x c1et5uql ii04i59q\">\r\n<div dir=\"auto\">\r\n<div>\r\n<p><iframe loading=\"lazy\" title=\"04. Ember - Kristovac Dijana\" width=\"100%\" height=\"120\" src=\"https:\/\/www.mixcloud.com\/widget\/iframe\/?feed=https%3A%2F%2Fwww.mixcloud.com%2Fradioplac%2F04-ember-kristovac-dijana%2F&amp;hide_cover=1\" frameborder=\"0\"><\/iframe><\/p>\r\n<\/div>\r\n<div>\u00a0<\/div>\r\n<div class=\"o9v6fnle cxmmr5t8 oygrvhab hcukyx3x c1et5uql\">Az el\u0151ad\u00e1s a Klara \u00e9s Rosa PE \u00e9s a Kort\u00e1rs Kultur\u00e1lis \u00e9s M\u0171v\u00e9szeti K\u00f6zpont projektj\u00e9ben, a \"Kort\u00e1rs Kultur\u00e1lis \u00e9s M\u0171v\u00e9szeti K\u00f6zpont a t\u00e1rsadalmi v\u00e1ltoz\u00e1sok\" program keret\u00e9ben val\u00f3sul meg.  A projektet a Nemzeti Koal\u00edci\u00f3 a Decentraliz\u00e1ci\u00f3\u00e9rt, a Jelena \u0160anti\u0107 Alap\u00edtv\u00e1ny, a 484-es Csoport \u00e9s az Eur\u00f3pai Uni\u00f3 t\u00e1mogatja.\n..<\/div>\r\n<div>..<\/div>\r\n<div>\u00a0<\/div>\r\n<div class=\"o9v6fnle cxmmr5t8 oygrvhab hcukyx3x c1et5uql\">#EUzaTebe<br \/>@eusrbija<\/div>\r\n<div>\u00a0<\/div>\r\n<\/div>\r\n<div>\u00a0<\/div>\r\n<\/div>\r\n<\/div>\r\n<\/div>\r\n<\/div>\r\n<\/div>\r\n<\/div>\r\n<div dir=\"auto\">\r\n<div dir=\"auto\">\r\n<div class=\"kvgmc6g5 cxmmr5t8 oygrvhab hcukyx3x c1et5uql\">\r\n<div class=\"o9v6fnle cxmmr5t8 oygrvhab hcukyx3x c1et5uql ii04i59q\">\r\n<div dir=\"auto\">\r\n<p><img decoding=\"async\" loading=\"lazy\" class=\"alignnone wp-image-4957\" src=\"https:\/\/www.ckplac.org\/wp-content\/uploads\/2021\/11\/eu-300x79.png\" alt=\"\" width=\"235\" height=\"62\" srcset=\"https:\/\/www.ckplac.org\/wp-content\/uploads\/2021\/11\/eu-300x79.png 300w, https:\/\/www.ckplac.org\/wp-content\/uploads\/2021\/11\/eu-18x5.png 18w, https:\/\/www.ckplac.org\/wp-content\/uploads\/2021\/11\/eu.png 441w\" sizes=\"(max-width: 235px) 100vw, 235px\" \/><\/p>\r\n<p>&nbsp;<\/p>\r\n<p><img decoding=\"async\" loading=\"lazy\" class=\"alignnone size-medium wp-image-4959\" src=\"https:\/\/www.ckplac.org\/wp-content\/uploads\/2021\/11\/484-fjs-nkd-300x71.png\" alt=\"\" width=\"300\" height=\"71\" srcset=\"https:\/\/www.ckplac.org\/wp-content\/uploads\/2021\/11\/484-fjs-nkd-300x71.png 300w, https:\/\/www.ckplac.org\/wp-content\/uploads\/2021\/11\/484-fjs-nkd-18x4.png 18w, https:\/\/www.ckplac.org\/wp-content\/uploads\/2021\/11\/484-fjs-nkd.png 492w\" sizes=\"(max-width: 300px) 100vw, 300px\" \/><\/p>\r\n<\/div>\r\n<\/div>\r\n<\/div>\r\n<\/div>\r\n<\/div>\r\n<\/div>\r\n<div dir=\"auto\">\u00a0<\/div>\r\n<div class=\"o9v6fnle cxmmr5t8 oygrvhab hcukyx3x c1et5uql ii04i59q\">\r\n<div dir=\"auto\">\r\n<div dir=\"auto\">\r\n<div class=\"kvgmc6g5 cxmmr5t8 oygrvhab hcukyx3x c1et5uql\">\r\n<div class=\"o9v6fnle cxmmr5t8 oygrvhab hcukyx3x c1et5uql ii04i59q\">\r\n<div dir=\"auto\">\u00a0<\/div>\r\n<\/div>\r\n<\/div>\r\n<\/div>\r\n<\/div>\r\n<\/div>\r\n<\/div>","protected":false},"excerpt":{"rendered":"<p>Petak, 31. decembar 2021, 17h, repriza utorak 17h. \u00a0 Emisija o nezavisnoj sceni iz okru\u017eenja&#8230;<\/p>","protected":false},"author":2,"featured_media":5347,"comment_status":"closed","ping_status":"closed","sticky":false,"template":"","format":"standard","meta":{"inline_featured_image":false,"footnotes":""},"categories":[44,52],"tags":[244,306,53,322,196,243],"aioseo_notices":[],"_links":{"self":[{"href":"https:\/\/www.ckplac.org\/hu\/wp-json\/wp\/v2\/posts\/5345"}],"collection":[{"href":"https:\/\/www.ckplac.org\/hu\/wp-json\/wp\/v2\/posts"}],"about":[{"href":"https:\/\/www.ckplac.org\/hu\/wp-json\/wp\/v2\/types\/post"}],"author":[{"embeddable":true,"href":"https:\/\/www.ckplac.org\/hu\/wp-json\/wp\/v2\/users\/2"}],"replies":[{"embeddable":true,"href":"https:\/\/www.ckplac.org\/hu\/wp-json\/wp\/v2\/comments?post=5345"}],"version-history":[{"count":3,"href":"https:\/\/www.ckplac.org\/hu\/wp-json\/wp\/v2\/posts\/5345\/revisions"}],"predecessor-version":[{"id":5362,"href":"https:\/\/www.ckplac.org\/hu\/wp-json\/wp\/v2\/posts\/5345\/revisions\/5362"}],"wp:featuredmedia":[{"embeddable":true,"href":"https:\/\/www.ckplac.org\/hu\/wp-json\/wp\/v2\/media\/5347"}],"wp:attachment":[{"href":"https:\/\/www.ckplac.org\/hu\/wp-json\/wp\/v2\/media?parent=5345"}],"wp:term":[{"taxonomy":"category","embeddable":true,"href":"https:\/\/www.ckplac.org\/hu\/wp-json\/wp\/v2\/categories?post=5345"},{"taxonomy":"post_tag","embeddable":true,"href":"https:\/\/www.ckplac.org\/hu\/wp-json\/wp\/v2\/tags?post=5345"}],"curies":[{"name":"wp","href":"https:\/\/api.w.org\/{rel}","templated":true}]}}