{"id":5339,"date":"2021-12-30T11:19:48","date_gmt":"2021-12-30T10:19:48","guid":{"rendered":"https:\/\/www.ckplac.org\/?p=5339"},"modified":"2022-03-26T21:40:55","modified_gmt":"2022-03-26T20:40:55","slug":"radio-plac-subotica-zenski-glasovi-zeljka","status":"publish","type":"post","link":"https:\/\/www.ckplac.org\/hu\/2021\/12\/30\/radio-plac-subotica-zenski-glasovi-zeljka\/","title":{"rendered":"Radio Plac Subotica \/ N\u0151i hangok: \u017deljka"},"content":{"rendered":"<div class=\"kvgmc6g5 cxmmr5t8 oygrvhab hcukyx3x c1et5uql\">\r\n<div class=\"o9v6fnle cxmmr5t8 oygrvhab hcukyx3x c1et5uql ii04i59q\">\r\n<div dir=\"auto\">\r\n<div dir=\"auto\">\r\n<div class=\"kvgmc6g5 cxmmr5t8 oygrvhab hcukyx3x c1et5uql\">\r\n<div class=\"o9v6fnle cxmmr5t8 oygrvhab hcukyx3x c1et5uql ii04i59q\">\r\n<div dir=\"auto\">\r\n<div class=\"kvgmc6g5 cxmmr5t8 oygrvhab hcukyx3x c1et5uql ii04i59q\">\r\n<p>Janu\u00e1r 3-\u00e1n, h\u00e9tf\u0151n 19 \u00f3r\u00e1t\u00f3l a N\u0151i Hangokat hallgatjuk a R\u00e1di\u00f3 Placon. Zeljka polg\u00e1rt\u00e1rs mes\u00e9li el t\u00f6rt\u00e9net\u00e9t.<\/p>\r\n<p>A m\u0171sor ism\u00e9tl\u00e9se szombaton 17 \u00f3rakor lesz.<\/p>\r\n<p>&nbsp;<\/p>\r\n<\/div>\r\n<\/div>\r\n<div>\r\n<p><iframe loading=\"lazy\" title=\"\u017denski Glasovi \/ \u017deljka, 1978.\" width=\"100%\" height=\"120\" src=\"https:\/\/www.mixcloud.com\/widget\/iframe\/?feed=https%3A%2F%2Fwww.mixcloud.com%2Fradioplac%2F%25C5%25BEenski-glasovi-%25C5%25BEeljka%2F&amp;hide_cover=1\" frameborder=\"0\"><\/iframe><\/p>\r\n<\/div>\r\n<\/div>\r\n<\/div>\r\n<div>\u00a0<\/div>\r\n<div>A Radio Plac m\u0171sor\u00e1nak elk\u00e9sz\u00edt\u00e9s\u00e9t <a href=\"https:\/\/www.rwfund.org\/\">a belgr\u00e1di \u00dajj\u00e1\u00e9p\u00edt\u00e9si N\u0151i Alap<\/a> t\u00e1mogatja.\u00a0<\/div>\r\n<div dir=\"auto\">\u00a0<\/div>\r\n<\/div>\r\n<\/div>\r\n<div dir=\"auto\">\u00a0<\/div>\r\n<div dir=\"auto\">\r\n<div dir=\"auto\">\r\n<div class=\"kvgmc6g5 cxmmr5t8 oygrvhab hcukyx3x c1et5uql\">\r\n<div class=\"o9v6fnle cxmmr5t8 oygrvhab hcukyx3x c1et5uql ii04i59q\">\r\n<div dir=\"auto\">\u00a0<\/div>\r\n<\/div>\r\n<\/div>\r\n<\/div>\r\n<\/div>\r\n<\/div>\r\n<\/div>","protected":false},"excerpt":{"rendered":"<p>U ponedeljak, 3.januara od 19 \u010dasova slu\u0161amo \u017denske glasove na Radiju Plac. Svoju pri\u010du pri\u010da&#8230;<\/p>","protected":false},"author":2,"featured_media":5340,"comment_status":"closed","ping_status":"closed","sticky":false,"template":"","format":"standard","meta":{"inline_featured_image":false,"footnotes":""},"categories":[44,52],"tags":[244,250,53,196,251,249],"aioseo_notices":[],"_links":{"self":[{"href":"https:\/\/www.ckplac.org\/hu\/wp-json\/wp\/v2\/posts\/5339"}],"collection":[{"href":"https:\/\/www.ckplac.org\/hu\/wp-json\/wp\/v2\/posts"}],"about":[{"href":"https:\/\/www.ckplac.org\/hu\/wp-json\/wp\/v2\/types\/post"}],"author":[{"embeddable":true,"href":"https:\/\/www.ckplac.org\/hu\/wp-json\/wp\/v2\/users\/2"}],"replies":[{"embeddable":true,"href":"https:\/\/www.ckplac.org\/hu\/wp-json\/wp\/v2\/comments?post=5339"}],"version-history":[{"count":3,"href":"https:\/\/www.ckplac.org\/hu\/wp-json\/wp\/v2\/posts\/5339\/revisions"}],"predecessor-version":[{"id":5368,"href":"https:\/\/www.ckplac.org\/hu\/wp-json\/wp\/v2\/posts\/5339\/revisions\/5368"}],"wp:featuredmedia":[{"embeddable":true,"href":"https:\/\/www.ckplac.org\/hu\/wp-json\/wp\/v2\/media\/5340"}],"wp:attachment":[{"href":"https:\/\/www.ckplac.org\/hu\/wp-json\/wp\/v2\/media?parent=5339"}],"wp:term":[{"taxonomy":"category","embeddable":true,"href":"https:\/\/www.ckplac.org\/hu\/wp-json\/wp\/v2\/categories?post=5339"},{"taxonomy":"post_tag","embeddable":true,"href":"https:\/\/www.ckplac.org\/hu\/wp-json\/wp\/v2\/tags?post=5339"}],"curies":[{"name":"wp","href":"https:\/\/api.w.org\/{rel}","templated":true}]}}