{"id":5333,"date":"2021-12-30T11:13:41","date_gmt":"2021-12-30T10:13:41","guid":{"rendered":"https:\/\/www.ckplac.org\/?p=5333"},"modified":"2022-03-26T21:40:42","modified_gmt":"2022-03-26T20:40:42","slug":"radio-plac-subotica-u-gostima-melinda-sefcic","status":"publish","type":"post","link":"https:\/\/www.ckplac.org\/hu\/2021\/12\/30\/radio-plac-subotica-u-gostima-melinda-sefcic\/","title":{"rendered":"Radio Plac Subotica \/ Vend\u00e9gs\u00e9gben: Melinda \u0160ef\u010di\u0107"},"content":{"rendered":"<div class=\"kvgmc6g5 cxmmr5t8 oygrvhab hcukyx3x c1et5uql\">\r\n<div class=\"o9v6fnle cxmmr5t8 oygrvhab hcukyx3x c1et5uql ii04i59q\">\r\n<div dir=\"auto\">\r\n<div dir=\"auto\">\r\n<div class=\"kvgmc6g5 cxmmr5t8 oygrvhab hcukyx3x c1et5uql\">\r\n<div class=\"o9v6fnle cxmmr5t8 oygrvhab hcukyx3x c1et5uql ii04i59q\">\r\n<div dir=\"auto\">\r\n<div class=\"kvgmc6g5 cxmmr5t8 oygrvhab hcukyx3x c1et5uql ii04i59q\">\r\n<p>Janu\u00e1r <strong>2-\u00e1n,<\/strong> ,29-\u00e9n <strong>15<\/strong> \u00f3r\u00e1t\u00f3l <strong>Vend\u00e9gs\u00e9gben<\/strong> a Jelena Gruji\u010di\u0107 vezette <strong>Melinda \u0160ef\u010di\u0107<\/strong>,m\u0171v\u00e9sszel sug\u00e1rozunk besz\u00e9lget\u00e9st a k\u00f6zelm\u00faltban megny\u00edlt \u201eA term\u00e9szet m\u00e1sk\u00e9nt l\u00e1tva\u201d c\u00edm\u0171 Udvari Gal\u00e9ria  ki\u00e1ll\u00edt\u00e1sa alkalm\u00e1b\u00f3l.<\/p>\r\n<\/div>\r\n<div class=\"kvgmc6g5 cxmmr5t8 oygrvhab hcukyx3x c1et5uql\">Melinda a horv\u00e1t m\u0171v\u00e9szeti \u00e9let egyik legjelent\u0151sebb \u00e9s legakt\u00edvabb alkot\u00f3ja \u00e9s fest\u0151je, ami kiv\u00e1ltk\u00e9pp igaz a k\u00f6zint\u00e9zm\u00e9nyek \u00e9s k\u00f6zterek \u201enemes\u00edt\u00e9s\u00e9re\u201d.<\/div>\r\n<div>\u00a0<\/div>\r\n<p>A ki\u00e1ll\u00edt\u00e1s 2022. janu\u00e1r k\u00f6zep\u00e9ig tekinthet\u0151 meg.\u00a0<\/p>\r\n<p>&nbsp;<\/p>\r\n<div class=\"kvgmc6g5 cxmmr5t8 oygrvhab hcukyx3x c1et5uql ii04i59q\">\r\n<p><iframe loading=\"lazy\" title=\"U Gostima - Epizoda 19 - Melinda \u0160ef\u010di\u0107\" width=\"100%\" height=\"120\" src=\"https:\/\/www.mixcloud.com\/widget\/iframe\/?feed=https%3A%2F%2Fwww.mixcloud.com%2Fradioplac%2Fu-gostima-epizoda-19-melinda-%25C5%25A1ef%25C4%258Di%25C4%2587%2F&amp;hide_cover=1\" frameborder=\"0\"><\/iframe><\/p>\r\n<p>&nbsp;<\/p>\r\n<\/div>\r\n<\/div>\r\n<div>\r\n<div>\r\n<div class=\"o9v6fnle cxmmr5t8 oygrvhab hcukyx3x c1et5uql\">A program a Klara \u00e9s Rosa PE \u00e9s a Kort\u00e1rs Kultur\u00e1lis \u00e9s M\u0171v\u00e9szeti K\u00f6zpont projektje keret\u00e9ben, a \"Kort\u00e1rs Kultur\u00e1lis \u00e9s M\u0171v\u00e9szeti K\u00f6zpont a t\u00e1rsadalmi v\u00e1ltoz\u00e1sok\" program keret\u00e9ben val\u00f3sult meg. A projektet a Nemzeti Koal\u00edci\u00f3 a Decentraliz\u00e1ci\u00f3\u00e9rt, a Jelena \u0160anti\u0107 Alap\u00edtv\u00e1ny, a 484-es Csoport \u00e9s az Eur\u00f3pai Uni\u00f3 t\u00e1mogatja.<\/div>\r\n<div>\u00a0<\/div>\r\n<div>\u00a0<\/div>\r\n<div class=\"o9v6fnle cxmmr5t8 oygrvhab hcukyx3x c1et5uql\">#EUzaTebe<br \/>@eusrbija<\/div>\r\n<\/div>\r\n<div>\r\n<p><img decoding=\"async\" loading=\"lazy\" class=\"alignnone wp-image-4957\" src=\"https:\/\/www.ckplac.org\/wp-content\/uploads\/2021\/11\/eu-300x79.png\" alt=\"\" width=\"235\" height=\"62\" srcset=\"https:\/\/www.ckplac.org\/wp-content\/uploads\/2021\/11\/eu-300x79.png 300w, https:\/\/www.ckplac.org\/wp-content\/uploads\/2021\/11\/eu-18x5.png 18w, https:\/\/www.ckplac.org\/wp-content\/uploads\/2021\/11\/eu.png 441w\" sizes=\"(max-width: 235px) 100vw, 235px\" \/><\/p>\r\n<p>&nbsp;<\/p>\r\n<p><img decoding=\"async\" loading=\"lazy\" class=\"alignnone size-medium wp-image-4959\" src=\"https:\/\/www.ckplac.org\/wp-content\/uploads\/2021\/11\/484-fjs-nkd-300x71.png\" alt=\"\" width=\"300\" height=\"71\" srcset=\"https:\/\/www.ckplac.org\/wp-content\/uploads\/2021\/11\/484-fjs-nkd-300x71.png 300w, https:\/\/www.ckplac.org\/wp-content\/uploads\/2021\/11\/484-fjs-nkd-18x4.png 18w, https:\/\/www.ckplac.org\/wp-content\/uploads\/2021\/11\/484-fjs-nkd.png 492w\" sizes=\"(max-width: 300px) 100vw, 300px\" \/><\/p>\r\n<\/div>\r\n<\/div>\r\n<\/div>\r\n<\/div>\r\n<div>\u00a0<\/div>\r\n<div dir=\"auto\">\u00a0<\/div>\r\n<\/div>\r\n<\/div>\r\n<div dir=\"auto\">\u00a0<\/div>\r\n<div dir=\"auto\">\r\n<div dir=\"auto\">\r\n<div class=\"kvgmc6g5 cxmmr5t8 oygrvhab hcukyx3x c1et5uql\">\r\n<div class=\"o9v6fnle cxmmr5t8 oygrvhab hcukyx3x c1et5uql ii04i59q\">\r\n<div dir=\"auto\">\u00a0<\/div>\r\n<\/div>\r\n<\/div>\r\n<\/div>\r\n<\/div>\r\n<\/div>\r\n<\/div>","protected":false},"excerpt":{"rendered":"<p>U nedelju,\u00a0 2. januara od 15 \u010dasova u emisiji U gostima emitujemo razgovor sa Melindom&#8230;<\/p>","protected":false},"author":2,"featured_media":5337,"comment_status":"closed","ping_status":"closed","sticky":false,"template":"","format":"standard","meta":{"inline_featured_image":false,"footnotes":""},"categories":[44,45],"tags":[244,287,255,53,196,263],"aioseo_notices":[],"_links":{"self":[{"href":"https:\/\/www.ckplac.org\/hu\/wp-json\/wp\/v2\/posts\/5333"}],"collection":[{"href":"https:\/\/www.ckplac.org\/hu\/wp-json\/wp\/v2\/posts"}],"about":[{"href":"https:\/\/www.ckplac.org\/hu\/wp-json\/wp\/v2\/types\/post"}],"author":[{"embeddable":true,"href":"https:\/\/www.ckplac.org\/hu\/wp-json\/wp\/v2\/users\/2"}],"replies":[{"embeddable":true,"href":"https:\/\/www.ckplac.org\/hu\/wp-json\/wp\/v2\/comments?post=5333"}],"version-history":[{"count":4,"href":"https:\/\/www.ckplac.org\/hu\/wp-json\/wp\/v2\/posts\/5333\/revisions"}],"predecessor-version":[{"id":5704,"href":"https:\/\/www.ckplac.org\/hu\/wp-json\/wp\/v2\/posts\/5333\/revisions\/5704"}],"wp:featuredmedia":[{"embeddable":true,"href":"https:\/\/www.ckplac.org\/hu\/wp-json\/wp\/v2\/media\/5337"}],"wp:attachment":[{"href":"https:\/\/www.ckplac.org\/hu\/wp-json\/wp\/v2\/media?parent=5333"}],"wp:term":[{"taxonomy":"category","embeddable":true,"href":"https:\/\/www.ckplac.org\/hu\/wp-json\/wp\/v2\/categories?post=5333"},{"taxonomy":"post_tag","embeddable":true,"href":"https:\/\/www.ckplac.org\/hu\/wp-json\/wp\/v2\/tags?post=5333"}],"curies":[{"name":"wp","href":"https:\/\/api.w.org\/{rel}","templated":true}]}}