{"id":5218,"date":"2021-12-13T14:24:29","date_gmt":"2021-12-13T13:24:29","guid":{"rendered":"https:\/\/www.ckplac.org\/?p=5218"},"modified":"2022-03-26T21:38:33","modified_gmt":"2022-03-26T20:38:33","slug":"polet-21-22-radionice-za-srednjoskolce-2","status":"publish","type":"post","link":"https:\/\/www.ckplac.org\/hu\/2021\/12\/13\/polet-21-22-radionice-za-srednjoskolce-2\/","title":{"rendered":"Polet 21\/22: k\u00f6z\u00e9piskol\u00e1sok m\u0171helymunk\u00e1ja"},"content":{"rendered":"<div class=\"kvgmc6g5 cxmmr5t8 oygrvhab hcukyx3x c1et5uql\">\r\n<div class=\"o9v6fnle cxmmr5t8 oygrvhab hcukyx3x c1et5uql ii04i59q\">\r\n<div dir=\"auto\">\r\n<div dir=\"auto\">\r\n<div class=\"kvgmc6g5 cxmmr5t8 oygrvhab hcukyx3x c1et5uql\">\r\n<div class=\"o9v6fnle cxmmr5t8 oygrvhab hcukyx3x c1et5uql ii04i59q\">\r\n<div dir=\"auto\">\u00a0<\/div>\r\n<div dir=\"auto\">V\u00e1runk mindenkit, aki csatlakozni szeretne ahhoz a k\u00e9tnyelv\u0171 csoporthoz, amely szombatonk\u00e9nt d\u00e9lben tal\u00e1lkozik a Ker\u00fclj Be Ifj\u00fas\u00e1gi K\u00f6z\u00f6ss\u00e9g T\u00e9r (Corvin M\u00e1ty\u00e1s u. 9.) helyis\u00e9geiben december 18-\u00e1n, szombaton!<\/div>\r\n<div dir=\"auto\">\u00a0<\/div>\r\n<div dir=\"auto\">Ott tal\u00e1lkozunk!<\/div>\r\n<div dir=\"auto\">\u00a0<\/div>\r\n<\/div>\r\n<\/div>\r\n<div dir=\"auto\">\r\n<p>Tudt\u00e1tok, hogy a Z gener\u00e1ci\u00f3 tagjai, a h\u00edres zoomerek a legn\u00e9pesebb gener\u00e1ci\u00f3, a bolyg\u00f3 \u00f6sszlakoss\u00e1g\u00e1nak 32 sz\u00e1zal\u00e9k\u00e1t adva? Ez azt jelenti, hogy a 90-es \u00e9vek v\u00e9ge \u00e9s 2010 k\u00f6z\u00f6tt sz\u00fcletetteknek olyan ereje van, amivel fontos t\u00e1rsadalmi v\u00e1ltoz\u00e1sokat ind\u00edthatnak el. A te k\u00f6z\u00f6ss\u00e9gi oldalakr\u00f3l, j\u00e1t\u00e9kokr\u00f3l \u00e9s digit\u00e1lis trendekr\u0151l szerzett tud\u00e1sod valami \u00fajj\u00e1 v\u00e1ltoztathatja a r\u00e9gi form\u00e1kat. Hogy miv\u00e9? Azt m\u00e9g nem tudjuk, az majd csak k\u00e9s\u0151bb der\u00fcl ki.<\/p>\r\n<p>&nbsp;<\/p>\r\n<p>A Polet 21\/22 projektet\u00a0<a href=\"https:\/\/www.ckplac.org\/tag\/klara-i-rosa\/\" target=\"_blank\" rel=\"noopener\">a Klara \u00e9s Rosa PE<\/a>\u00a0\u00e9s\u00a0<a href=\"https:\/\/www.facebook.com\/maglocistac\/?__cft__%5b0%5d=AZXrjyfc6Hm0ecBx7Kf7TxHS4sZIx42gqcwu5szUMjx--QAnAfMcSbRC_CKKxaAdTiKTgBsv0XDa26Lvs0HxzckMo1m4mlYaL1GOeq8P97NH36ZbwDFvRPgRHaEIi8eyGPIsm7aduQ7e7FcMrSbbaqtseCKJmPcWyLelWQFsAGal_-QkV-k3R3cdy4xmrFXU0KM&amp;__tn__=kK-R\" target=\"_blank\" rel=\"noopener\">a Maglo\u010dista\u010d<\/a>\u00a0bonyol\u00edtja le a Belgr\u00e1di Nyitott Iskola (BO\u0160)<a href=\"https:\/\/www.facebook.com\/bos.rs\/?__cft__%5b0%5d=AZXrjyfc6Hm0ecBx7Kf7TxHS4sZIx42gqcwu5szUMjx--QAnAfMcSbRC_CKKxaAdTiKTgBsv0XDa26Lvs0HxzckMo1m4mlYaL1GOeq8P97NH36ZbwDFvRPgRHaEIi8eyGPIsm7aduQ7e7FcMrSbbaqtseCKJmPcWyLelWQFsAGal_-QkV-k3R3cdy4xmrFXU0KM&amp;__tn__=kK-R\" target=\"_blank\" rel=\"noopener\">Beogradska otvorena \u0161kola<\/a>a Sv\u00e9d Kir\u00e1lys\u00e1g t\u00e1mogat\u00e1s\u00e1val megval\u00f3sul\u00f3 \u2013 Fiatalok \u00e9s a m\u00e9diumok a demokratikus fejl\u0151d\u00e9s\u00e9rt nevet visel\u0151 programj\u00e1n kereszt\u00fcl.<\/p>\r\n<\/div>\r\n<div class=\"kvgmc6g5 cxmmr5t8 oygrvhab hcukyx3x c1et5uql\">\r\n<div class=\"o9v6fnle cxmmr5t8 oygrvhab hcukyx3x c1et5uql ii04i59q\">\r\n<div dir=\"auto\">\r\n<div class=\"o9v6fnle cxmmr5t8 oygrvhab hcukyx3x c1et5uql ii04i59q\">\r\n<div>\u00a0<\/div>\r\n<\/div>\r\n<\/div>\r\n<\/div>\r\n<\/div>\r\n<\/div>\r\n<\/div>\r\n<div dir=\"auto\">\u00a0<\/div>\r\n<div dir=\"auto\">\r\n<div dir=\"auto\">\r\n<div class=\"kvgmc6g5 cxmmr5t8 oygrvhab hcukyx3x c1et5uql\">\r\n<div class=\"o9v6fnle cxmmr5t8 oygrvhab hcukyx3x c1et5uql ii04i59q\">\r\n<div dir=\"auto\">\u00a0<\/div>\r\n<\/div>\r\n<\/div>\r\n<\/div>\r\n<\/div>\r\n<\/div>\r\n<\/div>","protected":false},"excerpt":{"rendered":"<p>\u00a0 Ko \u017eeli da se pridru\u017ei dvojezi\u010dnoj ekipi koja se dru\u017ei subotom u podne u&#8230;<\/p>","protected":false},"author":2,"featured_media":5219,"comment_status":"closed","ping_status":"closed","sticky":false,"template":"","format":"standard","meta":{"inline_featured_image":false,"footnotes":""},"categories":[44,55],"tags":[244,53,315,197],"aioseo_notices":[],"_links":{"self":[{"href":"https:\/\/www.ckplac.org\/hu\/wp-json\/wp\/v2\/posts\/5218"}],"collection":[{"href":"https:\/\/www.ckplac.org\/hu\/wp-json\/wp\/v2\/posts"}],"about":[{"href":"https:\/\/www.ckplac.org\/hu\/wp-json\/wp\/v2\/types\/post"}],"author":[{"embeddable":true,"href":"https:\/\/www.ckplac.org\/hu\/wp-json\/wp\/v2\/users\/2"}],"replies":[{"embeddable":true,"href":"https:\/\/www.ckplac.org\/hu\/wp-json\/wp\/v2\/comments?post=5218"}],"version-history":[{"count":1,"href":"https:\/\/www.ckplac.org\/hu\/wp-json\/wp\/v2\/posts\/5218\/revisions"}],"predecessor-version":[{"id":5220,"href":"https:\/\/www.ckplac.org\/hu\/wp-json\/wp\/v2\/posts\/5218\/revisions\/5220"}],"wp:featuredmedia":[{"embeddable":true,"href":"https:\/\/www.ckplac.org\/hu\/wp-json\/wp\/v2\/media\/5219"}],"wp:attachment":[{"href":"https:\/\/www.ckplac.org\/hu\/wp-json\/wp\/v2\/media?parent=5218"}],"wp:term":[{"taxonomy":"category","embeddable":true,"href":"https:\/\/www.ckplac.org\/hu\/wp-json\/wp\/v2\/categories?post=5218"},{"taxonomy":"post_tag","embeddable":true,"href":"https:\/\/www.ckplac.org\/hu\/wp-json\/wp\/v2\/tags?post=5218"}],"curies":[{"name":"wp","href":"https:\/\/api.w.org\/{rel}","templated":true}]}}