{"id":5129,"date":"2021-12-06T11:52:58","date_gmt":"2021-12-06T10:52:58","guid":{"rendered":"https:\/\/www.ckplac.org\/?p=5129"},"modified":"2022-03-26T21:36:35","modified_gmt":"2022-03-26T20:36:35","slug":"rradio-plac-subotica-bosonoga-deca-odgovornost","status":"publish","type":"post","link":"https:\/\/www.ckplac.org\/hu\/2021\/12\/06\/rradio-plac-subotica-bosonoga-deca-odgovornost\/","title":{"rendered":"R\u00e1di\u00f3 Plac Szabadka \/ Mez\u00edtl\u00e1bas gyerekek: Felel\u0151ss\u00e9g"},"content":{"rendered":"<div class=\"kvgmc6g5 cxmmr5t8 oygrvhab hcukyx3x c1et5uql\">\r\n<div class=\"o9v6fnle cxmmr5t8 oygrvhab hcukyx3x c1et5uql ii04i59q\">\r\n<div dir=\"auto\">\r\n<div dir=\"auto\">\r\n<div class=\"kvgmc6g5 cxmmr5t8 oygrvhab hcukyx3x c1et5uql\">\r\n<div class=\"o9v6fnle cxmmr5t8 oygrvhab hcukyx3x c1et5uql ii04i59q\">\r\n<div dir=\"auto\">\r\n<div class=\"kvgmc6g5 cxmmr5t8 oygrvhab hcukyx3x c1et5uql ii04i59q\">\u00a0<\/div>\r\n<\/div>\r\n<\/div>\r\n<div class=\"o9v6fnle cxmmr5t8 oygrvhab hcukyx3x c1et5uql ii04i59q\">\r\n<div dir=\"auto\">\r\n<div class=\"o9v6fnle cxmmr5t8 oygrvhab hcukyx3x c1et5uql ii04i59q\">\r\n<div dir=\"auto\">\r\n<div dir=\"auto\">A Mez\u00edtl\u00e1bas gyerekek c\u00edm\u0171 m\u0171sor \u00faj ciklus\u00e1nak els\u0151 epiz\u00f3dj\u00e1nak t\u00e9m\u00e1ja a felel\u0151ss\u00e9g.<\/div>\r\n<div dir=\"auto\">Felel\u0151ss\u00e9gr\u0151l k\u00fcl\u00f6nb\u00f6z\u0151 kontextusokban, szem\u00e9lyes, politikai, erk\u00f6lcsi, t\u00e1rsadalmi felel\u0151ss\u00e9gv\u00e1llal\u00e1sr\u00f3l, engedelmess\u00e9gr\u0151l \u00e9s passzivit\u00e1sr\u00f3l \u00e9s sok minden m\u00e1sr\u00f3l besz\u00e9lget\u00fcnk Boris Tele\u010dki pszichol\u00f3gussal, pszichoterapeut\u00e1val, aktivist\u00e1val, polg\u00e1rt\u00e1rssal h\u00e9tf\u0151n a R\u00e1di\u00f3 Placban 19 \u00f3r\u00e1t\u00f3l (ism\u00e9tl\u00e9s szombaton 17 \u00f3r\u00e1t\u00f3l). ).<\/div>\r\n<div dir=\"auto\">\u00a0<\/div>\r\n<div dir=\"auto\">A besz\u00e9lget\u00e9st Gordana Vukov Ciganjik vezeti.<\/div>\r\n<div dir=\"auto\">\u00a0<\/div>\r\n<\/div>\r\n<div dir=\"auto\">A Radio Plac m\u0171sor\u00e1nak elk\u00e9sz\u00edt\u00e9s\u00e9t <a href=\"https:\/\/www.rwfund.org\/\">a belgr\u00e1di \u00dajj\u00e1\u00e9p\u00edt\u00e9si N\u0151i Alap<\/a> t\u00e1mogatja.\u00a0<\/div>\r\n<\/div>\r\n<\/div>\r\n<\/div>\r\n<\/div>\r\n<div dir=\"auto\">\u00a0<\/div>\r\n<\/div>\r\n<\/div>\r\n<div dir=\"auto\">\r\n<p><iframe loading=\"lazy\" title=\"Bosonoga Deca - Epizoda 16 - Odgovornost\" width=\"100%\" height=\"120\" src=\"https:\/\/www.mixcloud.com\/widget\/iframe\/?feed=https%3A%2F%2Fwww.mixcloud.com%2Fradioplac%2Fbosonoga-deca-epizoda-16-odgovornost%2F&amp;hide_cover=1\" frameborder=\"0\"><\/iframe><\/p>\r\n<\/div>\r\n<div dir=\"auto\">\r\n<div dir=\"auto\">\r\n<div class=\"kvgmc6g5 cxmmr5t8 oygrvhab hcukyx3x c1et5uql\">\r\n<div class=\"o9v6fnle cxmmr5t8 oygrvhab hcukyx3x c1et5uql ii04i59q\">\r\n<div dir=\"auto\">\u00a0<\/div>\r\n<\/div>\r\n<\/div>\r\n<\/div>\r\n<\/div>\r\n<\/div>\r\n<\/div>","protected":false},"excerpt":{"rendered":"<p>\u00a0 Tema prve epizode novog ciklusa emisije Bosonoga deca je odgovornost. O odgovornosti u razli\u010ditim&#8230;<\/p>","protected":false},"author":2,"featured_media":5130,"comment_status":"closed","ping_status":"closed","sticky":false,"template":"","format":"standard","meta":{"inline_featured_image":false,"footnotes":""},"categories":[44,52],"tags":[244,309,308,250,53,196,251],"aioseo_notices":[],"_links":{"self":[{"href":"https:\/\/www.ckplac.org\/hu\/wp-json\/wp\/v2\/posts\/5129"}],"collection":[{"href":"https:\/\/www.ckplac.org\/hu\/wp-json\/wp\/v2\/posts"}],"about":[{"href":"https:\/\/www.ckplac.org\/hu\/wp-json\/wp\/v2\/types\/post"}],"author":[{"embeddable":true,"href":"https:\/\/www.ckplac.org\/hu\/wp-json\/wp\/v2\/users\/2"}],"replies":[{"embeddable":true,"href":"https:\/\/www.ckplac.org\/hu\/wp-json\/wp\/v2\/comments?post=5129"}],"version-history":[{"count":4,"href":"https:\/\/www.ckplac.org\/hu\/wp-json\/wp\/v2\/posts\/5129\/revisions"}],"predecessor-version":[{"id":5228,"href":"https:\/\/www.ckplac.org\/hu\/wp-json\/wp\/v2\/posts\/5129\/revisions\/5228"}],"wp:featuredmedia":[{"embeddable":true,"href":"https:\/\/www.ckplac.org\/hu\/wp-json\/wp\/v2\/media\/5130"}],"wp:attachment":[{"href":"https:\/\/www.ckplac.org\/hu\/wp-json\/wp\/v2\/media?parent=5129"}],"wp:term":[{"taxonomy":"category","embeddable":true,"href":"https:\/\/www.ckplac.org\/hu\/wp-json\/wp\/v2\/categories?post=5129"},{"taxonomy":"post_tag","embeddable":true,"href":"https:\/\/www.ckplac.org\/hu\/wp-json\/wp\/v2\/tags?post=5129"}],"curies":[{"name":"wp","href":"https:\/\/api.w.org\/{rel}","templated":true}]}}