{"id":5121,"date":"2021-12-03T14:03:33","date_gmt":"2021-12-03T13:03:33","guid":{"rendered":"https:\/\/www.ckplac.org\/?p=5121"},"modified":"2022-03-26T21:36:59","modified_gmt":"2022-03-26T20:36:59","slug":"radio-plac-subotica-ember-csatich-renato-muzicar-i-reditelj","status":"publish","type":"post","link":"https:\/\/www.ckplac.org\/hu\/2021\/12\/03\/radio-plac-subotica-ember-csatich-renato-muzicar-i-reditelj\/","title":{"rendered":"Radio Plac Subotica \/ EMBER: Csatich Ren\u00e0t\u00f3 - zen\u00e9sz \u00e8s filmk\u00e8sz\u00ect\u0151"},"content":{"rendered":"<div class=\"kvgmc6g5 cxmmr5t8 oygrvhab hcukyx3x c1et5uql\">\r\n<div class=\"o9v6fnle cxmmr5t8 oygrvhab hcukyx3x c1et5uql ii04i59q\">\r\n<div dir=\"auto\">\r\n<div dir=\"auto\">\r\n<div class=\"kvgmc6g5 cxmmr5t8 oygrvhab hcukyx3x c1et5uql\">\r\n<div class=\"o9v6fnle cxmmr5t8 oygrvhab hcukyx3x c1et5uql ii04i59q\">\r\n<div dir=\"auto\">\r\n<div class=\"kvgmc6g5 cxmmr5t8 oygrvhab hcukyx3x c1et5uql ii04i59q\">\r\n<div dir=\"auto\">Csatich Ren\u00e0t\u00f3 - zen\u00e9sz \u00e8s filmk\u00e8sz\u00ect\u0151<\/div>\r\n<div dir=\"auto\">\u00a0<\/div>\r\n<div dir=\"auto\">Ma (p\u00e9ntek), 17 \u00f3ra!\nKedd, 17 \u00f3ra (R).<\/div>\r\n<div dir=\"auto\">\u00a0<\/div>\r\n<div dir=\"auto\">Megk\u00f6t\u00e9sek n\u00e9lk\u00fcl. Ki-mivel foglalkozik, ki mit gondol, ki mit szeret, mihez \u00e9rt, honnan j\u00f6tt \u00e8s hov\u00e1 tart. Az EMBER c\u00edm\u0171 k\u00e9thetente jelentkez\u0151 besz\u00e8lget\u0151m\u0171sor nem csak m\u0171v\u00e9szeket sz\u00f3l\u00edt meg, hanem szinte b\u00e1rkit, b\u00e1rhonnan.<\/div>\r\n<\/div>\r\n<\/div>\r\n<\/div>\r\n<div dir=\"auto\">\u00a0<\/div>\r\n<div class=\"o9v6fnle cxmmr5t8 oygrvhab hcukyx3x c1et5uql ii04i59q\">\r\n<div dir=\"auto\">\r\n<div class=\"o9v6fnle cxmmr5t8 oygrvhab hcukyx3x c1et5uql ii04i59q\">\r\n<div dir=\"auto\">\r\n<p>Csatich Ren\u00e0t\u00f3 Budapesten sz\u00fcletett. \u00c8lt Baj\u00e0n, P\u00e9csett \u00e8s Londonban, miel\u0151tt 2020-ban, Tolna megy\u00e9ben, a Duna partj\u00e1n\u00e0l fekv\u0151 B\u00e0tasz\u00e8ken alap\u00edtott csal\u00e1dot. Ren\u00e0t\u00f3 m\u00e1r t\u00f6bbsz\u00f6r is \u00fajrakezdte \u00e8let\u00e8t. A nyitott gondolkod\u00e1s\u00fa zen\u00e9sz \u00e8s filmk\u00e8sz\u00ect\u0151, az ut\u00f3bbi \u00e8vekben a k\u00ednai orvosl\u00e1s m\u00f3dszereit kutatja.<\/p>\r\n<\/div>\r\n<div dir=\"auto\">\u00a0<\/div>\r\n<div dir=\"auto\">Csongor Sz\u00e1sz f\u00fcggetlen k\u00f6z\u00e8leti r\u00e1di\u00f3m\u0171sora a t\u00e1gan \u00e9rtelmezett kort\u00e1rsakat mutatja be.<\/div>\r\n<\/div>\r\n<\/div>\r\n<div dir=\"auto\">\r\n<div dir=\"auto\">\u00a0<\/div>\r\n<div dir=\"auto\">\r\n<div class=\"o9v6fnle cxmmr5t8 oygrvhab hcukyx3x c1et5uql\">Az el\u0151ad\u00e1s a Klara \u00e9s Rosa PE \u00e9s a Kort\u00e1rs Kultur\u00e1lis \u00e9s M\u0171v\u00e9szeti K\u00f6zpont projektj\u00e9ben, a \"Kort\u00e1rs Kultur\u00e1lis \u00e9s M\u0171v\u00e9szeti K\u00f6zpont a t\u00e1rsadalmi v\u00e1ltoz\u00e1sok\" program keret\u00e9ben val\u00f3sul meg.  A projektet a Nemzeti Koal\u00edci\u00f3 a Decentraliz\u00e1ci\u00f3\u00e9rt, a Jelena \u0160anti\u0107 Alap\u00edtv\u00e1ny, a 484-es Csoport \u00e9s az Eur\u00f3pai Uni\u00f3 t\u00e1mogatja.\n..<\/div>\r\n<div>..<\/div>\r\n<div>\u00a0<\/div>\r\n<div class=\"o9v6fnle cxmmr5t8 oygrvhab hcukyx3x c1et5uql\">#EUzaTebe<br \/>@eusrbija<\/div>\r\n<\/div>\r\n<\/div>\r\n<\/div>\r\n<\/div>\r\n<\/div>\r\n<div dir=\"auto\">\u00a0<\/div>\r\n<div dir=\"auto\">\r\n<div class=\"kvgmc6g5 cxmmr5t8 oygrvhab hcukyx3x c1et5uql\">\r\n<div class=\"o9v6fnle cxmmr5t8 oygrvhab hcukyx3x c1et5uql ii04i59q\">\r\n<div dir=\"auto\">\u00a0<\/div>\r\n<\/div>\r\n<\/div>\r\n<\/div>\r\n<\/div>\r\n<div dir=\"auto\">\r\n<p><iframe loading=\"lazy\" title=\"01. Ember - Csatich Ren\u00e1t\u00f3\" width=\"100%\" height=\"120\" src=\"https:\/\/www.mixcloud.com\/widget\/iframe\/?feed=https%3A%2F%2Fwww.mixcloud.com%2Fradioplac%2F01-ember-csatich-ren%25C3%25A1t%25C3%25B3%2F&amp;hide_cover=1\" frameborder=\"0\"><\/iframe><\/p>\r\n<\/div>\r\n<div dir=\"auto\">\r\n<div dir=\"auto\">\r\n<div class=\"kvgmc6g5 cxmmr5t8 oygrvhab hcukyx3x c1et5uql\">\r\n<div class=\"o9v6fnle cxmmr5t8 oygrvhab hcukyx3x c1et5uql ii04i59q\">\r\n<div dir=\"auto\">\r\n<div dir=\"auto\">\r\n<div dir=\"auto\">\u00a0<\/div>\r\n<div>\u00a0<\/div>\r\n<\/div>\r\n<div>\r\n<p><img decoding=\"async\" loading=\"lazy\" class=\"alignnone wp-image-4957\" src=\"https:\/\/www.ckplac.org\/wp-content\/uploads\/2021\/11\/eu-300x79.png\" alt=\"\" width=\"235\" height=\"62\" srcset=\"https:\/\/www.ckplac.org\/wp-content\/uploads\/2021\/11\/eu-300x79.png 300w, https:\/\/www.ckplac.org\/wp-content\/uploads\/2021\/11\/eu-18x5.png 18w, https:\/\/www.ckplac.org\/wp-content\/uploads\/2021\/11\/eu.png 441w\" sizes=\"(max-width: 235px) 100vw, 235px\" \/><\/p>\r\n<p>&nbsp;<\/p>\r\n<p><img decoding=\"async\" loading=\"lazy\" class=\"alignnone size-medium wp-image-4959\" src=\"https:\/\/www.ckplac.org\/wp-content\/uploads\/2021\/11\/484-fjs-nkd-300x71.png\" alt=\"\" width=\"300\" height=\"71\" srcset=\"https:\/\/www.ckplac.org\/wp-content\/uploads\/2021\/11\/484-fjs-nkd-300x71.png 300w, https:\/\/www.ckplac.org\/wp-content\/uploads\/2021\/11\/484-fjs-nkd-18x4.png 18w, https:\/\/www.ckplac.org\/wp-content\/uploads\/2021\/11\/484-fjs-nkd.png 492w\" sizes=\"(max-width: 300px) 100vw, 300px\" \/><\/p>\r\n<\/div>\r\n<\/div>\r\n<\/div>\r\n<\/div>\r\n<\/div>\r\n<\/div>\r\n<\/div>\r\n<\/div>","protected":false},"excerpt":{"rendered":"<p>Csatich Ren\u00e0t\u00f3 &#8211; muzi\u010dar i reditelj \u00a0 Danas (petak), 17h, repriza utorak 17h. \u00a0 Emisija&#8230;<\/p>","protected":false},"author":2,"featured_media":5122,"comment_status":"closed","ping_status":"closed","sticky":false,"template":"","format":"standard","meta":{"inline_featured_image":false,"footnotes":""},"categories":[44,52],"tags":[244,307,306,53,196,243],"aioseo_notices":[],"_links":{"self":[{"href":"https:\/\/www.ckplac.org\/hu\/wp-json\/wp\/v2\/posts\/5121"}],"collection":[{"href":"https:\/\/www.ckplac.org\/hu\/wp-json\/wp\/v2\/posts"}],"about":[{"href":"https:\/\/www.ckplac.org\/hu\/wp-json\/wp\/v2\/types\/post"}],"author":[{"embeddable":true,"href":"https:\/\/www.ckplac.org\/hu\/wp-json\/wp\/v2\/users\/2"}],"replies":[{"embeddable":true,"href":"https:\/\/www.ckplac.org\/hu\/wp-json\/wp\/v2\/comments?post=5121"}],"version-history":[{"count":7,"href":"https:\/\/www.ckplac.org\/hu\/wp-json\/wp\/v2\/posts\/5121\/revisions"}],"predecessor-version":[{"id":5309,"href":"https:\/\/www.ckplac.org\/hu\/wp-json\/wp\/v2\/posts\/5121\/revisions\/5309"}],"wp:featuredmedia":[{"embeddable":true,"href":"https:\/\/www.ckplac.org\/hu\/wp-json\/wp\/v2\/media\/5122"}],"wp:attachment":[{"href":"https:\/\/www.ckplac.org\/hu\/wp-json\/wp\/v2\/media?parent=5121"}],"wp:term":[{"taxonomy":"category","embeddable":true,"href":"https:\/\/www.ckplac.org\/hu\/wp-json\/wp\/v2\/categories?post=5121"},{"taxonomy":"post_tag","embeddable":true,"href":"https:\/\/www.ckplac.org\/hu\/wp-json\/wp\/v2\/tags?post=5121"}],"curies":[{"name":"wp","href":"https:\/\/api.w.org\/{rel}","templated":true}]}}