{"id":4633,"date":"2021-08-23T16:24:38","date_gmt":"2021-08-23T14:24:38","guid":{"rendered":"https:\/\/www.ckplac.org\/?p=4633"},"modified":"2021-10-22T19:09:02","modified_gmt":"2021-10-22T17:09:02","slug":"kurbli-filmklub-jancso-miklos-meg-ker-a-nep","status":"publish","type":"post","link":"https:\/\/www.ckplac.org\/hu\/2021\/08\/23\/kurbli-filmklub-jancso-miklos-meg-ker-a-nep\/","title":{"rendered":"Kurbli Filmklub \/ Jancs\u00f3 Mikl\u00f3s: M\u00e9g k\u00e9r a n\u00e9p"},"content":{"rendered":"\r\n<div class=\"o9v6fnle cxmmr5t8 oygrvhab hcukyx3x c1et5uql\">\r\n<div class=\"o9v6fnle cxmmr5t8 oygrvhab hcukyx3x c1et5uql\">\r\n<div class=\"kvgmc6g5 cxmmr5t8 oygrvhab hcukyx3x c1et5uql\">Sa po\u010detkom Interetno festivala u Subotici, 22. avgusta 2021. godine (<a class=\"oajrlxb2 g5ia77u1 qu0x051f esr5mh6w e9989ue4 r7d6kgcz rq0escxv nhd2j8a9 nc684nl6 p7hjln8o kvgmc6g5 cxmmr5t8 oygrvhab hcukyx3x jb3vyjys rz4wbd8a qt6c0cv9 a8nywdso i1ao9s8h esuyzwwr f1sip0of lzcic4wl oo9gr5id gpro0wi8 lrazzd5p\" tabindex=\"0\" role=\"link\" href=\"https:\/\/www.facebook.com\/XiiInteretnoFestival\/?__cft__[0]=AZWZv9Qq88tRXXJ5vHrqf84irMM0HIjZS3m_KYdyCCJvL0htWpGIavLEbHjTI21jGDo8qWEitwuVcSMwQ_wbwq_mBIMjcBhJ3iEdWorrmOeDg3x1l-09ku6FHM6nwvkYoYjN6_yGjoBUFyZhWXDhFzdp7_jIuKDUe_3smovYMs-ZVQ&amp;__tn__=q\"><span class=\"nc684nl6\">https:\/\/www.facebook.com\/XiiInteretnoFestival\/<\/span><\/a>), Kurbli filmklub bavi\u0107e se sociogeografskom tematikom (<a class=\"oajrlxb2 g5ia77u1 qu0x051f esr5mh6w e9989ue4 r7d6kgcz rq0escxv nhd2j8a9 nc684nl6 p7hjln8o kvgmc6g5 cxmmr5t8 oygrvhab hcukyx3x jb3vyjys rz4wbd8a qt6c0cv9 a8nywdso i1ao9s8h esuyzwwr f1sip0of lzcic4wl oo9gr5id gpro0wi8 lrazzd5p\" tabindex=\"0\" role=\"link\" href=\"https:\/\/www.facebook.com\/groups\/1114034995691790\/?__cft__[0]=AZWZv9Qq88tRXXJ5vHrqf84irMM0HIjZS3m_KYdyCCJvL0htWpGIavLEbHjTI21jGDo8qWEitwuVcSMwQ_wbwq_mBIMjcBhJ3iEdWorrmOeDg3x1l-09ku6FHM6nwvkYoYjN6_yGjoBUFyZhWXDhFzdp7_jIuKDUe_3smovYMs-ZVQ&amp;__tn__=q\"><span class=\"nc684nl6\">https:\/\/www.facebook.com\/groups\/1114034995691790\/<\/span><\/a>) i filmom Jan\u010do Miko\u0161a &#8222;M\u00e9g k\u00e9r a n\u00e9p&#8220; \u010dija radnja je sme\u0161tena 70-tih godina u jednom ma\u0111arskom selu.<\/div>\r\n<\/div>\r\n<\/div>\r\n<div>\u00a0<\/div>\r\n<div>\u00a0<\/div>\r\n<div class=\"o9v6fnle cxmmr5t8 oygrvhab hcukyx3x c1et5uql\">\r\n<div class=\"o9v6fnle cxmmr5t8 oygrvhab hcukyx3x c1et5uql\">\r\n<div class=\"o9v6fnle cxmmr5t8 oygrvhab hcukyx3x c1et5uql\">Jan\u010do Miklo\u0161 jedan je od najzna\u010dajnijih ma\u0111arskih reditelja. U svojim filmovima bavi se va\u017enim dru\u0161tvenim, kulturnim i politi\u010dkin temama Evrope xx veka.<\/div>\r\n<div>\u00a0<\/div>\r\n<\/div>\r\n<\/div>\r\n<div>\u00a0<\/div>\r\n<div class=\"o9v6fnle cxmmr5t8 oygrvhab hcukyx3x c1et5uql\">\r\n<div class=\"o9v6fnle cxmmr5t8 oygrvhab hcukyx3x c1et5uql\">\u00a0<\/div>\r\n<\/div>\r\n<div class=\"o9v6fnle cxmmr5t8 oygrvhab hcukyx3x c1et5uql\">\r\n<div class=\"o9v6fnle cxmmr5t8 oygrvhab hcukyx3x c1et5uql\">\r\n<div class=\"o9v6fnle cxmmr5t8 oygrvhab hcukyx3x c1et5uql\">20:30 Centar\/K\u00f6zpont (Bose Mili\u0107evi\u0107 1. preko puta \u017deljezni\u010dke stanice :)).<\/div>\r\n<\/div>\r\n<\/div>\r\n<div>\u00a0<\/div>\r\n<div class=\"o9v6fnle cxmmr5t8 oygrvhab hcukyx3x c1et5uql\">\r\n<div class=\"o9v6fnle cxmmr5t8 oygrvhab hcukyx3x c1et5uql\">\r\n<div class=\"o9v6fnle cxmmr5t8 oygrvhab hcukyx3x c1et5uql\">Film se prikazuje na ma\u0111arskom jeziku. Ulaz je slobodan!\u00a0<\/div>\r\n<\/div>\r\n<\/div>\r\n","protected":false},"excerpt":{"rendered":"<p>Sa po\u010detkom Interetno festivala u Subotici, 22. avgusta 2021. godine (https:\/\/www.facebook.com\/XiiInteretnoFestival\/), Kurbli filmklub bavi\u0107e se&#8230;<\/p>","protected":false},"author":2,"featured_media":4634,"comment_status":"closed","ping_status":"closed","sticky":false,"template":"","format":"standard","meta":{"inline_featured_image":false,"footnotes":""},"categories":[44,47],"tags":[244,260,239,288,266,243],"aioseo_notices":[],"_links":{"self":[{"href":"https:\/\/www.ckplac.org\/hu\/wp-json\/wp\/v2\/posts\/4633"}],"collection":[{"href":"https:\/\/www.ckplac.org\/hu\/wp-json\/wp\/v2\/posts"}],"about":[{"href":"https:\/\/www.ckplac.org\/hu\/wp-json\/wp\/v2\/types\/post"}],"author":[{"embeddable":true,"href":"https:\/\/www.ckplac.org\/hu\/wp-json\/wp\/v2\/users\/2"}],"replies":[{"embeddable":true,"href":"https:\/\/www.ckplac.org\/hu\/wp-json\/wp\/v2\/comments?post=4633"}],"version-history":[{"count":2,"href":"https:\/\/www.ckplac.org\/hu\/wp-json\/wp\/v2\/posts\/4633\/revisions"}],"predecessor-version":[{"id":4636,"href":"https:\/\/www.ckplac.org\/hu\/wp-json\/wp\/v2\/posts\/4633\/revisions\/4636"}],"wp:featuredmedia":[{"embeddable":true,"href":"https:\/\/www.ckplac.org\/hu\/wp-json\/wp\/v2\/media\/4634"}],"wp:attachment":[{"href":"https:\/\/www.ckplac.org\/hu\/wp-json\/wp\/v2\/media?parent=4633"}],"wp:term":[{"taxonomy":"category","embeddable":true,"href":"https:\/\/www.ckplac.org\/hu\/wp-json\/wp\/v2\/categories?post=4633"},{"taxonomy":"post_tag","embeddable":true,"href":"https:\/\/www.ckplac.org\/hu\/wp-json\/wp\/v2\/tags?post=4633"}],"curies":[{"name":"wp","href":"https:\/\/api.w.org\/{rel}","templated":true}]}}