{"id":4386,"date":"2021-06-21T13:38:56","date_gmt":"2021-06-21T11:38:56","guid":{"rendered":"https:\/\/www.ckplac.org\/?p=4386"},"modified":"2021-10-22T19:07:50","modified_gmt":"2021-10-22T17:07:50","slug":"kurbli-filmklub-cista-formalnost","status":"publish","type":"post","link":"https:\/\/www.ckplac.org\/hu\/2021\/06\/21\/kurbli-filmklub-cista-formalnost\/","title":{"rendered":"Kurbli Filmklub \/ Puszta formalit\u00e1s"},"content":{"rendered":"<p><strong>23. jun 2021, 20h<\/strong><\/p>\r\n<p>&nbsp;<\/p>\r\n<p>Szerd\u00e1n, \u00fajra Eur\u00f3p\u00e1ba \"utazunk\", hogy egy izgalmas nyomoz\u00e1s r\u00e9szesei legy\u00fcnk! Giuseppe Tornatore -szerintem (Csongor)- leger\u0151sebb mozija. Rejtv\u00e9ny ez a film. Szigor\u00faan TILOS ut\u00e1na olvasni miel\u0151tt megn\u00e9zn\u00e9nk, mert, ha leleplez\u0151dik a tal\u00e1ny, elvesz\u00edtj\u00fck az \u00e9lm\u00e9nyt! A r\u00e9buszt viszont addig nem tudjuk megfejteni (maximum, egyesek majd sejteni v\u00e9lik...), am\u00edg ehhez seg\u00edts\u00e9get nem kapunk. Az a k\u00e9rd\u00e9s csup\u00e1n, ki, mit tud kezdeni a Tornatore film forgat\u00f3k\u00f6nyv\u00e9ben \u00e9s a film sz\u00f6vet\u00e9ben elrejtett kulcsokkal... Magunkt\u00f3l r\u00e1j\u00f6nni, \u00e1ltal\u00e1ban lehetetlens\u00e9g, pont ez a r\u00e9busz l\u00e9nyege. Olyan ez mint Kolumbusz-toj\u00e1sa!<\/p>\r\n<p>&nbsp;<\/p>\r\n<p>TIPP: az eleje zseni\u00e1lis, figyelni kell nagyon! (De hogy mire...)<\/p>\r\n<p>&nbsp;<\/p>\r\n<p>A film zeneszerz\u0151je, Ennio Morricone.<\/p>\r\n<p>&nbsp;<\/p>\r\n<p>Giuseppe Tornatore, sz\u00ednh\u00e1zi rendez\u0151k\u00e9nt kezdte p\u00e1lyafut\u00e1s\u00e1t, majd filmrendez\u0151k\u00e9nt olyan klasszikusok alkot\u00f3ja, mint p\u00e9ld\u00e1ul a Cinema Pardiso, vagy Az \u00f3ce\u00e1nj\u00e1r\u00f3 zongorista legend\u00e1j\u00e1t.<\/p>\r\n<p>&nbsp;<\/p>\r\n<p class=\" translation-block\">A helysz\u00edn, most is a Bose Mili\u010devi\u0107 1 sz\u00e1m, a Centar\/K\u00f6zpont \u00e9p\u00fclete (www.facebook.com\/centar.kozpont), a vas\u00fat p\u00e1lyaudvarral szemben. A moziterem, a f\u00f6ldszinten tal\u00e1lhat\u00f3; az utc\u00e1r\u00f3l a sarok ut\u00e1n az els\u0151 bej\u00e1rat.<\/p>\r\n<p>&nbsp;<\/p>\r\n<p>\u00c9rkezni, 19:30-t\u00f3l lehet, 20:00-kor ind\u00edtjuk a vet\u00edt\u00e9st.<\/p>\r\n<p>&nbsp;<\/p>\r\n<p>A mozit a Ctalker Egyes\u00fclet vezeti, a szelektor Sz\u00e1sz Csongor, a Kort\u00e1rs Kultur\u00e1lis \u00e9s M\u0171v\u00e9szeti K\u00f6zpont \u00e9s a Ker\u00fclj Be Ifj\u00fas\u00e1g Klub t\u00e1mogat\u00e1s\u00e1val.<\/p>\r\n<p>&nbsp;<\/p>\r\n<p>V\u00e1runk szeretettel! Izgalmas ny\u00e1r \u00e9jszaka el\u00e9be n\u00e9z\u00fcnk!<\/p>\r\n<p>&nbsp;<\/p>\r\n<div aria-hidden=\"true\">\u00a0<\/div>\r\n<div class=\"wp-block-spacer\" style=\"height: 8px;\" aria-hidden=\"true\">\u00a0<\/div>\r\n\r\n\r\n\r\n<div class=\"wp-block-spacer\" style=\"height: 22px;\" aria-hidden=\"true\">\u00a0<\/div>\r\n\r\n\r\n\r\n<figure class=\"wp-block-gallery columns-3 is-cropped\"><\/figure>\r\n\r\n\r\n\r\n\r\n\r\n<div class=\"o9v6fnle cxmmr5t8 oygrvhab hcukyx3x c1et5uql\">\u00a0<\/div>\r\n\r\n\r\n\r\n<p>&nbsp;<\/p>","protected":false},"excerpt":{"rendered":"<p>23. jun 2021, 20h &nbsp; U sredu c\u0301emo ponovo \u201eotputovati\u201c u Evropu kako bismo bili&#8230;<\/p>","protected":false},"author":2,"featured_media":4387,"comment_status":"closed","ping_status":"closed","sticky":false,"template":"","format":"standard","meta":{"inline_featured_image":false,"footnotes":""},"categories":[44,47],"tags":[244,260,239,288,243],"aioseo_notices":[],"_links":{"self":[{"href":"https:\/\/www.ckplac.org\/hu\/wp-json\/wp\/v2\/posts\/4386"}],"collection":[{"href":"https:\/\/www.ckplac.org\/hu\/wp-json\/wp\/v2\/posts"}],"about":[{"href":"https:\/\/www.ckplac.org\/hu\/wp-json\/wp\/v2\/types\/post"}],"author":[{"embeddable":true,"href":"https:\/\/www.ckplac.org\/hu\/wp-json\/wp\/v2\/users\/2"}],"replies":[{"embeddable":true,"href":"https:\/\/www.ckplac.org\/hu\/wp-json\/wp\/v2\/comments?post=4386"}],"version-history":[{"count":3,"href":"https:\/\/www.ckplac.org\/hu\/wp-json\/wp\/v2\/posts\/4386\/revisions"}],"predecessor-version":[{"id":4390,"href":"https:\/\/www.ckplac.org\/hu\/wp-json\/wp\/v2\/posts\/4386\/revisions\/4390"}],"wp:featuredmedia":[{"embeddable":true,"href":"https:\/\/www.ckplac.org\/hu\/wp-json\/wp\/v2\/media\/4387"}],"wp:attachment":[{"href":"https:\/\/www.ckplac.org\/hu\/wp-json\/wp\/v2\/media?parent=4386"}],"wp:term":[{"taxonomy":"category","embeddable":true,"href":"https:\/\/www.ckplac.org\/hu\/wp-json\/wp\/v2\/categories?post=4386"},{"taxonomy":"post_tag","embeddable":true,"href":"https:\/\/www.ckplac.org\/hu\/wp-json\/wp\/v2\/tags?post=4386"}],"curies":[{"name":"wp","href":"https:\/\/api.w.org\/{rel}","templated":true}]}}