{"id":7441,"date":"2023-09-20T10:17:20","date_gmt":"2023-09-20T08:17:20","guid":{"rendered":"https:\/\/www.ckplac.org\/?p=7441"},"modified":"2023-09-23T10:18:25","modified_gmt":"2023-09-23T08:18:25","slug":"filmoskopija-projekcija-filma-teret-i-radionice-filmske-kritike","status":"publish","type":"post","link":"https:\/\/www.ckplac.org\/en\/2023\/09\/20\/filmoskopija-projekcija-filma-teret-i-radionice-filmske-kritike\/","title":{"rendered":"FILMOSKOPIJA: Projekcija filma &#8222;Teret&#8220; i radionice filmske kritike"},"content":{"rendered":"<div class=\"qode-post-text-main\">\n<div class=\"xdj266r x11i5rnm xat24cr x1mh8g0r x1vvkbs x126k92a\">\n<div dir=\"auto\">\n<p>Redakcija\u00a0<a href=\"https:\/\/www.fcs.rs\/category\/filmoskopija\/\">Filmoskopije<\/a>\u00a0ovog septembra zapo\u010dinje novi projekat, naslovljen\u00a0<strong>Filmoskopija \u2013 decentralizovana kritika,<\/strong>\u00a0koji za cilj ima razvijanje kriti\u010dke misli kod mladih, promovisanje filmske kulture i srpskog filma, decentralizaciju filmske ponude, te upoznavanje mladih sa filmskim ostvarenjima koja pokre\u0107u dijalog o akutnim problemima na\u0161eg dru\u0161tva.<\/p>\n<p>Projekat podrazumeva objavljivanje knjige\u00a0<strong><em>Filmoskopija \u2013 Odabrani tekstovi o savremenom srpskom filmu 2010-2023.<\/em>\u00a0i kriti\u010darsku turneju u pet gradova u Srbiji<\/strong>\u00a0koja \u0107e po\u010deti radionicom filmske kritike za u\u010denike i u\u010denice srednjih \u0161kola u Subotici, a zatim, u narednim mesecima, obi\u0107i i Po\u017eegu, Ni\u0161, Kragujevac i Zrenjanin.<\/p>\n<p><strong>U petak, 22. septembra, s po\u010detkom u 19h, u prostorijama\u00a0<a href=\"https:\/\/www.klarairosa.com\/\" target=\"_blank\" rel=\"noopener\">udru\u017eenja gra\u0111ana Klara i Rosa<\/a>\u00a0u Subotici odr\u017ea\u0107e se kratko predstavljanje dosada\u0161njeg rada redakcije, a potom i besplatna projekcija filma<em>\u00a0<a href=\"https:\/\/www.fcs.rs\/trougao-teret\/\">Teret<\/a><\/em>\u00a0reditelja Ognjena Glavoni\u0107a (2018). <\/strong><\/p>\n<p>&nbsp;<\/p>\n<p><strong>U subotu, 23. septembra, \u010dlanovi redakcije Katarina Koljevi\u0107 i Dejan Pr\u0107i\u0107 odr\u017ea\u0107e radionicu filmske kritike na kojoj \u0107e lokalni srednjo\u0161kolci imati priliku da savladaju osnove filmske kritike i da pi\u0161u o filmu\u00a0<em>Teret<\/em>. Svi zainteresovani srednjo\u0161kolci mogu se prijaviti na radionicu na mejl\u00a0<a href=\"mailto:filmoskopija@fcs.rs\">filmoskopija@fcs.rs<\/a>\u00a0(mejl nasloviti: SUBOTICA \u2013 RADIONICA).<\/strong><\/p>\n<p>Knjiga\u00a0<em>Filmoskopija: Odabrani tekstovi o savremenom srpskom filmu 2010-2023<\/em>, koja \u0107e uskoro iza\u0107i iz \u0161tampe, donosi 32 teksta o savremenom srpskom filmu, prethodno objavljena na Filmoskopiji i redigovana za potrebe zbornika. Tekstove je odabrao i uredio Nikola Radi\u0107, uz pomo\u0107 Dejana Pr\u0107i\u0107a, a izdava\u010d je R&amp;F iz Subotice, u saradnji sa Filmskim centrom Srbije.<\/p>\n<p>Projekat Filmoskopija \u2013 decentralizovana kritika organizuje Agencija za bavljenje umetni\u010dkim stvarala\u0161tvom R&amp;F u Subotici uz podr\u0161ku Vlade \u0160vajcarske, u okviru projekta Kultura za demokratiju koji realizuje Hartefakt fond. Osnovan 2019. godine s ciljem razvijanja kriti\u010dke misli kod mladih, portal Filmoskopija funkcioni\u0161e pod pokroviteljstvom Filmskog centra Srbije, a u saradnji sa NFC Filmart.<\/p>\n\n\t\t<style type=\"text\/css\">\n\t\t\t#gallery-1 {\n\t\t\t\tmargin: auto;\n\t\t\t}\n\t\t\t#gallery-1 .gallery-item {\n\t\t\t\tfloat: left;\n\t\t\t\tmargin-top: 10px;\n\t\t\t\ttext-align: center;\n\t\t\t\twidth: 33%;\n\t\t\t}\n\t\t\t#gallery-1 img {\n\t\t\t\tborder: 2px solid #cfcfcf;\n\t\t\t}\n\t\t\t#gallery-1 .gallery-caption {\n\t\t\t\tmargin-left: 0;\n\t\t\t}\n\t\t\t\/* see gallery_shortcode() in wp-includes\/media.php *\/\n\t\t<\/style>\n\t\t<div id='gallery-1' class='gallery galleryid-7441 gallery-columns-3 gallery-size-thumbnail'><dl class='gallery-item'>\n\t\t\t<dt class='gallery-icon landscape'>\n\t\t\t\t<a href='https:\/\/www.ckplac.org\/en\/2023\/09\/20\/filmoskopija-projekcija-filma-teret-i-radionice-filmske-kritike\/382161570_1071136240600729_1365723582078327657_n\/'><img width=\"150\" height=\"150\" src=\"https:\/\/www.ckplac.org\/wp-content\/uploads\/2023\/09\/382161570_1071136240600729_1365723582078327657_n-150x150.jpg\" class=\"attachment-thumbnail size-thumbnail\" alt=\"\" decoding=\"async\" loading=\"lazy\" srcset=\"https:\/\/www.ckplac.org\/wp-content\/uploads\/2023\/09\/382161570_1071136240600729_1365723582078327657_n-150x150.jpg 150w, https:\/\/www.ckplac.org\/wp-content\/uploads\/2023\/09\/382161570_1071136240600729_1365723582078327657_n-570x570.jpg 570w, https:\/\/www.ckplac.org\/wp-content\/uploads\/2023\/09\/382161570_1071136240600729_1365723582078327657_n-500x500.jpg 500w, https:\/\/www.ckplac.org\/wp-content\/uploads\/2023\/09\/382161570_1071136240600729_1365723582078327657_n-1000x1000.jpg 1000w, https:\/\/www.ckplac.org\/wp-content\/uploads\/2023\/09\/382161570_1071136240600729_1365723582078327657_n-300x300.jpg 300w, https:\/\/www.ckplac.org\/wp-content\/uploads\/2023\/09\/382161570_1071136240600729_1365723582078327657_n-100x100.jpg 100w\" sizes=\"(max-width: 150px) 100vw, 150px\" \/><\/a>\n\t\t\t<\/dt><\/dl><dl class='gallery-item'>\n\t\t\t<dt class='gallery-icon landscape'>\n\t\t\t\t<a href='https:\/\/www.ckplac.org\/en\/2023\/09\/20\/filmoskopija-projekcija-filma-teret-i-radionice-filmske-kritike\/380627370_1071136237267396_2287128679192686630_n\/'><img width=\"150\" height=\"150\" src=\"https:\/\/www.ckplac.org\/wp-content\/uploads\/2023\/09\/380627370_1071136237267396_2287128679192686630_n-150x150.jpg\" class=\"attachment-thumbnail size-thumbnail\" alt=\"\" decoding=\"async\" loading=\"lazy\" srcset=\"https:\/\/www.ckplac.org\/wp-content\/uploads\/2023\/09\/380627370_1071136237267396_2287128679192686630_n-150x150.jpg 150w, https:\/\/www.ckplac.org\/wp-content\/uploads\/2023\/09\/380627370_1071136237267396_2287128679192686630_n-570x570.jpg 570w, https:\/\/www.ckplac.org\/wp-content\/uploads\/2023\/09\/380627370_1071136237267396_2287128679192686630_n-500x500.jpg 500w, https:\/\/www.ckplac.org\/wp-content\/uploads\/2023\/09\/380627370_1071136237267396_2287128679192686630_n-1000x1000.jpg 1000w, https:\/\/www.ckplac.org\/wp-content\/uploads\/2023\/09\/380627370_1071136237267396_2287128679192686630_n-300x300.jpg 300w, https:\/\/www.ckplac.org\/wp-content\/uploads\/2023\/09\/380627370_1071136237267396_2287128679192686630_n-100x100.jpg 100w\" sizes=\"(max-width: 150px) 100vw, 150px\" \/><\/a>\n\t\t\t<\/dt><\/dl><dl class='gallery-item'>\n\t\t\t<dt class='gallery-icon landscape'>\n\t\t\t\t<a href='https:\/\/www.ckplac.org\/en\/2023\/09\/20\/filmoskopija-projekcija-filma-teret-i-radionice-filmske-kritike\/380644556_1071136243934062_1703017699963863604_n\/'><img width=\"150\" height=\"150\" src=\"https:\/\/www.ckplac.org\/wp-content\/uploads\/2023\/09\/380644556_1071136243934062_1703017699963863604_n-150x150.jpg\" class=\"attachment-thumbnail size-thumbnail\" alt=\"\" decoding=\"async\" loading=\"lazy\" srcset=\"https:\/\/www.ckplac.org\/wp-content\/uploads\/2023\/09\/380644556_1071136243934062_1703017699963863604_n-150x150.jpg 150w, https:\/\/www.ckplac.org\/wp-content\/uploads\/2023\/09\/380644556_1071136243934062_1703017699963863604_n-570x570.jpg 570w, https:\/\/www.ckplac.org\/wp-content\/uploads\/2023\/09\/380644556_1071136243934062_1703017699963863604_n-500x500.jpg 500w, https:\/\/www.ckplac.org\/wp-content\/uploads\/2023\/09\/380644556_1071136243934062_1703017699963863604_n-1000x1000.jpg 1000w, https:\/\/www.ckplac.org\/wp-content\/uploads\/2023\/09\/380644556_1071136243934062_1703017699963863604_n-300x300.jpg 300w, https:\/\/www.ckplac.org\/wp-content\/uploads\/2023\/09\/380644556_1071136243934062_1703017699963863604_n-100x100.jpg 100w\" sizes=\"(max-width: 150px) 100vw, 150px\" \/><\/a>\n\t\t\t<\/dt><\/dl><br style=\"clear: both\" \/><dl class='gallery-item'>\n\t\t\t<dt class='gallery-icon landscape'>\n\t\t\t\t<a href='https:\/\/www.ckplac.org\/en\/2023\/09\/20\/filmoskopija-projekcija-filma-teret-i-radionice-filmske-kritike\/380994157_1071136233934063_6416028627436926699_n\/'><img width=\"150\" height=\"150\" src=\"https:\/\/www.ckplac.org\/wp-content\/uploads\/2023\/09\/380994157_1071136233934063_6416028627436926699_n-150x150.jpg\" class=\"attachment-thumbnail size-thumbnail\" alt=\"\" decoding=\"async\" loading=\"lazy\" srcset=\"https:\/\/www.ckplac.org\/wp-content\/uploads\/2023\/09\/380994157_1071136233934063_6416028627436926699_n-150x150.jpg 150w, https:\/\/www.ckplac.org\/wp-content\/uploads\/2023\/09\/380994157_1071136233934063_6416028627436926699_n-300x300.jpg 300w, https:\/\/www.ckplac.org\/wp-content\/uploads\/2023\/09\/380994157_1071136233934063_6416028627436926699_n-100x100.jpg 100w\" sizes=\"(max-width: 150px) 100vw, 150px\" \/><\/a>\n\t\t\t<\/dt><\/dl><dl class='gallery-item'>\n\t\t\t<dt class='gallery-icon landscape'>\n\t\t\t\t<a href='https:\/\/www.ckplac.org\/en\/2023\/09\/20\/filmoskopija-projekcija-filma-teret-i-radionice-filmske-kritike\/382149766_1071136247267395_5410030396904922207_n\/'><img width=\"150\" height=\"150\" src=\"https:\/\/www.ckplac.org\/wp-content\/uploads\/2023\/09\/382149766_1071136247267395_5410030396904922207_n-150x150.jpg\" class=\"attachment-thumbnail size-thumbnail\" alt=\"\" decoding=\"async\" loading=\"lazy\" srcset=\"https:\/\/www.ckplac.org\/wp-content\/uploads\/2023\/09\/382149766_1071136247267395_5410030396904922207_n-150x150.jpg 150w, https:\/\/www.ckplac.org\/wp-content\/uploads\/2023\/09\/382149766_1071136247267395_5410030396904922207_n-570x570.jpg 570w, https:\/\/www.ckplac.org\/wp-content\/uploads\/2023\/09\/382149766_1071136247267395_5410030396904922207_n-500x500.jpg 500w, https:\/\/www.ckplac.org\/wp-content\/uploads\/2023\/09\/382149766_1071136247267395_5410030396904922207_n-1000x1000.jpg 1000w, https:\/\/www.ckplac.org\/wp-content\/uploads\/2023\/09\/382149766_1071136247267395_5410030396904922207_n-300x300.jpg 300w, https:\/\/www.ckplac.org\/wp-content\/uploads\/2023\/09\/382149766_1071136247267395_5410030396904922207_n-100x100.jpg 100w\" sizes=\"(max-width: 150px) 100vw, 150px\" \/><\/a>\n\t\t\t<\/dt><\/dl>\n\t\t\t<br style='clear: both' \/>\n\t\t<\/div>\n\n<\/div>\n<\/div>\n<\/div>","protected":false},"excerpt":{"rendered":"<p>Redakcija\u00a0Filmoskopije\u00a0ovog septembra zapo\u010dinje novi projekat, naslovljen\u00a0Filmoskopija \u2013 decentralizovana kritika,\u00a0koji za cilj ima razvijanje kriti\u010dke misli&#8230;<\/p>","protected":false},"author":2,"featured_media":7448,"comment_status":"closed","ping_status":"closed","sticky":false,"template":"","format":"standard","meta":{"inline_featured_image":false,"footnotes":""},"categories":[40],"tags":[387,67,485,449,426,53],"aioseo_notices":[],"_links":{"self":[{"href":"https:\/\/www.ckplac.org\/en\/wp-json\/wp\/v2\/posts\/7441"}],"collection":[{"href":"https:\/\/www.ckplac.org\/en\/wp-json\/wp\/v2\/posts"}],"about":[{"href":"https:\/\/www.ckplac.org\/en\/wp-json\/wp\/v2\/types\/post"}],"author":[{"embeddable":true,"href":"https:\/\/www.ckplac.org\/en\/wp-json\/wp\/v2\/users\/2"}],"replies":[{"embeddable":true,"href":"https:\/\/www.ckplac.org\/en\/wp-json\/wp\/v2\/comments?post=7441"}],"version-history":[{"count":1,"href":"https:\/\/www.ckplac.org\/en\/wp-json\/wp\/v2\/posts\/7441\/revisions"}],"predecessor-version":[{"id":7447,"href":"https:\/\/www.ckplac.org\/en\/wp-json\/wp\/v2\/posts\/7441\/revisions\/7447"}],"wp:featuredmedia":[{"embeddable":true,"href":"https:\/\/www.ckplac.org\/en\/wp-json\/wp\/v2\/media\/7448"}],"wp:attachment":[{"href":"https:\/\/www.ckplac.org\/en\/wp-json\/wp\/v2\/media?parent=7441"}],"wp:term":[{"taxonomy":"category","embeddable":true,"href":"https:\/\/www.ckplac.org\/en\/wp-json\/wp\/v2\/categories?post=7441"},{"taxonomy":"post_tag","embeddable":true,"href":"https:\/\/www.ckplac.org\/en\/wp-json\/wp\/v2\/tags?post=7441"}],"curies":[{"name":"wp","href":"https:\/\/api.w.org\/{rel}","templated":true}]}}