{"id":7002,"date":"2023-04-21T12:07:01","date_gmt":"2023-04-21T10:07:01","guid":{"rendered":"https:\/\/www.ckplac.org\/?p=7002"},"modified":"2023-04-21T12:07:01","modified_gmt":"2023-04-21T10:07:01","slug":"open-call-reconnect","status":"publish","type":"post","link":"https:\/\/www.ckplac.org\/en\/2023\/04\/21\/open-call-reconnect\/","title":{"rendered":"OPEN CALL \u2013 RE\/CONNECT!"},"content":{"rendered":"<p>Izrazi se! Ima\u0161 izme\u0111u 15 i 19 godina i voli\u0161 da crta\u0161, fotografi\u0161e\u0161, \u0161ije\u0161, snima\u0161, montira\u0161, pi\u0161e\u0161, peva\u0161,<br \/>svira\u0161\u2026 ? Zanima\u0161 nas ti, tvoj glas, tvoji izazovi, tvoji uspesi! U\u010destvuj sam ili sa drugarima!<\/p>\n<p>&nbsp;<\/p>\n<p>Svoj rad po\u0161alji na klarairosa@gmail.com ili donesi u na\u0161 prostor (Petefi \u0160andora 15, Subotica) svakog<br \/>radnog dana od 10 do 14 \u010dasova. Poziv je otvoren do 1. oktobra 2023. godine.<\/p>\n<p>&nbsp;<\/p>\n<p>Svakoga o\u010dekuje poklon!<\/p>\n<p>&nbsp;<\/p>\n<p>Poziv se sprovodi u okviru projekta \u201cInterAct\u201d, Udu\u017eenja Klara i Rosa, koji je podr\u017ean od strane<br \/>\u0160vajcarske vlade, u okviru projekta \u201cKultura za demokratiju\u201d, koji sporovodi Hartefakt fond.<\/p>\n<p>&nbsp;<\/p>\n<p><img decoding=\"async\" loading=\"lazy\" class=\"alignnone wp-image-19287\" src=\"https:\/\/www.klarairosa.com\/wp-content\/uploads\/2023\/04\/CfD-vertical-CMYK-colour-positive.png\" sizes=\"(max-width: 98px) 100vw, 98px\" srcset=\"https:\/\/www.klarairosa.com\/wp-content\/uploads\/2023\/04\/CfD-vertical-CMYK-colour-positive.png 117w, https:\/\/www.klarairosa.com\/wp-content\/uploads\/2023\/04\/CfD-vertical-CMYK-colour-positive-18x12.png 18w\" alt=\"\" width=\"98\" height=\"63\" \/>\u00a0 \u00a0 \u00a0 \u00a0 \u00a0<img decoding=\"async\" loading=\"lazy\" class=\"alignnone wp-image-19288\" src=\"https:\/\/www.klarairosa.com\/wp-content\/uploads\/2023\/04\/SDC_CMYK_vert-copy.png\" sizes=\"(max-width: 135px) 100vw, 135px\" srcset=\"https:\/\/www.klarairosa.com\/wp-content\/uploads\/2023\/04\/SDC_CMYK_vert-copy.png 157w, https:\/\/www.klarairosa.com\/wp-content\/uploads\/2023\/04\/SDC_CMYK_vert-copy-18x8.png 18w\" alt=\"\" width=\"135\" height=\"61\" \/>\u00a0 \u00a0 \u00a0 \u00a0\u00a0<img decoding=\"async\" loading=\"lazy\" class=\"alignnone wp-image-19289\" src=\"https:\/\/www.klarairosa.com\/wp-content\/uploads\/2023\/04\/Heartefact-Logo-Press-300x204.png\" sizes=\"(max-width: 91px) 100vw, 91px\" srcset=\"https:\/\/www.klarairosa.com\/wp-content\/uploads\/2023\/04\/Heartefact-Logo-Press-300x204.png 300w, https:\/\/www.klarairosa.com\/wp-content\/uploads\/2023\/04\/Heartefact-Logo-Press-18x12.png 18w, https:\/\/www.klarairosa.com\/wp-content\/uploads\/2023\/04\/Heartefact-Logo-Press.png 372w\" alt=\"\" width=\"91\" height=\"62\" \/><\/p>\n<p>&nbsp;<\/p>\n<p>#switzerlandinserbia #kulturazademokratiju #cfd #heartefact #klarairosa<\/p>","protected":false},"excerpt":{"rendered":"<p>Izrazi se! Ima\u0161 izme\u0111u 15 i 19 godina i voli\u0161 da crta\u0161, fotografi\u0161e\u0161, \u0161ije\u0161, snima\u0161,&#8230;<\/p>","protected":false},"author":2,"featured_media":7004,"comment_status":"closed","ping_status":"closed","sticky":false,"template":"","format":"standard","meta":{"inline_featured_image":false,"footnotes":""},"categories":[40],"tags":[387,428,426,432,427,431,429,389],"aioseo_notices":[],"_links":{"self":[{"href":"https:\/\/www.ckplac.org\/en\/wp-json\/wp\/v2\/posts\/7002"}],"collection":[{"href":"https:\/\/www.ckplac.org\/en\/wp-json\/wp\/v2\/posts"}],"about":[{"href":"https:\/\/www.ckplac.org\/en\/wp-json\/wp\/v2\/types\/post"}],"author":[{"embeddable":true,"href":"https:\/\/www.ckplac.org\/en\/wp-json\/wp\/v2\/users\/2"}],"replies":[{"embeddable":true,"href":"https:\/\/www.ckplac.org\/en\/wp-json\/wp\/v2\/comments?post=7002"}],"version-history":[{"count":2,"href":"https:\/\/www.ckplac.org\/en\/wp-json\/wp\/v2\/posts\/7002\/revisions"}],"predecessor-version":[{"id":7005,"href":"https:\/\/www.ckplac.org\/en\/wp-json\/wp\/v2\/posts\/7002\/revisions\/7005"}],"wp:featuredmedia":[{"embeddable":true,"href":"https:\/\/www.ckplac.org\/en\/wp-json\/wp\/v2\/media\/7004"}],"wp:attachment":[{"href":"https:\/\/www.ckplac.org\/en\/wp-json\/wp\/v2\/media?parent=7002"}],"wp:term":[{"taxonomy":"category","embeddable":true,"href":"https:\/\/www.ckplac.org\/en\/wp-json\/wp\/v2\/categories?post=7002"},{"taxonomy":"post_tag","embeddable":true,"href":"https:\/\/www.ckplac.org\/en\/wp-json\/wp\/v2\/tags?post=7002"}],"curies":[{"name":"wp","href":"https:\/\/api.w.org\/{rel}","templated":true}]}}