{"id":6859,"date":"2023-03-24T14:29:06","date_gmt":"2023-03-24T13:29:06","guid":{"rendered":"https:\/\/www.ckplac.org\/?p=6859"},"modified":"2023-03-24T14:29:50","modified_gmt":"2023-03-24T13:29:50","slug":"spremni-u-telu","status":"publish","type":"post","link":"https:\/\/www.ckplac.org\/en\/2023\/03\/24\/spremni-u-telu\/","title":{"rendered":"Spremni u telu"},"content":{"rendered":"<div class=\"kvgmc6g5 cxmmr5t8 oygrvhab hcukyx3x c1et5uql\">\r\n<div class=\"o9v6fnle cxmmr5t8 oygrvhab hcukyx3x c1et5uql ii04i59q\">\r\n<div dir=\"auto\">\r\n<div dir=\"auto\">\r\n<div class=\"kvgmc6g5 cxmmr5t8 oygrvhab hcukyx3x c1et5uql\">\r\n<div class=\"o9v6fnle cxmmr5t8 oygrvhab hcukyx3x c1et5uql ii04i59q\">\r\n<div dir=\"auto\">\r\n<div class=\"x11i5rnm xat24cr x1mh8g0r x1vvkbs xdj266r\">\r\n<div class=\"x11i5rnm xat24cr x1mh8g0r x1vvkbs xtlvy1s\">Otvoren razgovor sa otvorenim \u010dasom u domu Klare i Rose<\/div>\r\n<div>\u00a0<\/div>\r\n<\/div>\r\n<div class=\"x11i5rnm xat24cr x1mh8g0r x1vvkbs xdj266r\">\r\n<div class=\"x11i5rnm xat24cr x1mh8g0r x1vvkbs xtlvy1s\">Od po\u010detka februara po\u010deli smo sa ve\u017ebama pod imenom Telo spremno za dan (Naprak\u00e9sz), pod vo\u0111stvom glumice i plesa\u010dice Heni Varga.<\/div>\r\n<div>\u00a0<\/div>\r\n<\/div>\r\n<div class=\"x11i5rnm xat24cr x1mh8g0r x1vvkbs xdj266r\">\r\n<div class=\"x11i5rnm xat24cr x1mh8g0r x1vvkbs xtlvy1s\">Jutarnje sesije se fokusiraju na pribli\u017eavanju pojedinaca njihovim telima, njihovoj du\u0161i i duhu.<\/div>\r\n<div class=\"x11i5rnm xat24cr x1mh8g0r x1vvkbs xtlvy1s\">Ako \u017eelite da saznate vi\u0161e, do\u0111ite!<\/div>\r\n<div>\u00a0<\/div>\r\n<\/div>\r\n<div class=\"x11i5rnm xat24cr x1mh8g0r x1vvkbs xdj266r\">\r\n<div class=\"x11i5rnm xat24cr x1mh8g0r x1vvkbs xtlvy1s\">Lokacija:<br \/>Klara i Rosa, Subotica, ul. Petefi Sandora 15<\/div>\r\n<div>\u00a0<\/div>\r\n<div class=\"x11i5rnm xat24cr x1mh8g0r x1vvkbs xtlvy1s\">Datum:<br \/>SREDA, 29. mart, 18.00 \u010dasova<\/div>\r\n<div>\u00a0<\/div>\r\n<\/div>\r\n<div>Protezati se: RASTI<\/div>\r\n<div class=\"x11i5rnm xat24cr x1mh8g0r x1vvkbs xdj266r\">\r\n<div class=\"x11i5rnm xat24cr x1mh8g0r x1vvkbs xtlvy1s\">Oja\u010dati: OJA\u010cITI<br \/>Opustite se: PUSTI<br \/>Meditirajte: BITI U SADA\u0160NJOSTI<\/div>\r\n<div>\u00a0<\/div>\r\n<div>\u00a0<\/div>\r\n<div class=\"x11i5rnm xat24cr x1mh8g0r x1vvkbs xtlvy1s\">Da budemo svesni \u0161ta imamo, \u0161ta smo imali i da vodimo ra\u010duna o tome da nam TELO bude dobro.<br \/>Telo koje je carstvo koje nam pru\u017ei DOM, gde mo\u017eemo biti KOD KU\u0106E; ono koje nas prima, odr\u017eava i prihvata..<br \/>Na nama je, kao i sve ostalo, da li \u0107emo se njime baviti ili ga napustiti.<br \/>Oba puta su legitimna, ali je dobro znati na kom smo.<\/div>\r\n<div>\u00a0<\/div>\r\n<div class=\"x11i5rnm xat24cr x1mh8g0r x1vvkbs xtlvy1s\">DISANJE je od stalnog zna\u010daja u mom poslu, na \u0161ta se trudim da posvetim veliku pa\u017enju.<br \/>Ono je kao gutljaj vode ili zalogaj hleba s razlikom \u0161to bez toga&#8230; dalje ne treba da obja\u0161njavam, zar ne?<\/div>\r\n<div>\u00a0<\/div>\r\n<div>\u00a0<\/div>\r\n<div class=\"x11i5rnm xat24cr x1mh8g0r x1vvkbs xtlvy1s translation-block\">Zagrljaj<br>Smeh<br>Sre\u0107a<br>Igra igra igra<br><br><\/div>\r\n<div>\u00a0<\/div>\r\n<div>Heni Varga (glumica, plesa\u010dica) 1992. zavr\u0161ila je \u0160kolu me\u0111unarodnog pokreta \u017dak Lekok (Jacques Lecoq) u Parizu. 2013. stekla Diplomu profesora plesa u CDC u Parizu. Od 2003. godine sve do danas dr\u017ei radionice pod naslovom \u201cProstor u telu &#8211; telo u prostoru\u201d (Francuska, Japan, Ma\u0111arska, Gr\u010dka, Srbija). Radila je sa divnim stvaraocima me\u0111u njima su: Vito Taufer, Rade Serbedzija, Jozsef Nagy, Christine Qouiarod, Manolo Bez, Min Tanaka, Jullien Hamilton, Catarina Seiffer, Zsofia Berczi, Urb\u00e1n Andr\u00e1s, Selma Spahic, Denes Dobrei\u2026<\/div>\r\n<div class=\"x11i5rnm xat24cr x1mh8g0r x1vvkbs xtlvy1s\">\u00a0<\/div>\r\n<\/div>\r\n<\/div>\r\n<\/div>\r\n<\/div>\r\n<\/div>\r\n<\/div>\r\n<\/div>\r\n<\/div>","protected":false},"excerpt":{"rendered":"<p>Otvoren razgovor sa otvorenim \u010dasom u domu Klare i Rose \u00a0 Od po\u010detka februara po\u010deli&#8230;<\/p>","protected":false},"author":2,"featured_media":6860,"comment_status":"closed","ping_status":"closed","sticky":false,"template":"","format":"standard","meta":{"inline_featured_image":false,"footnotes":""},"categories":[40],"tags":[387,209,53,197,411,389],"aioseo_notices":[],"_links":{"self":[{"href":"https:\/\/www.ckplac.org\/en\/wp-json\/wp\/v2\/posts\/6859"}],"collection":[{"href":"https:\/\/www.ckplac.org\/en\/wp-json\/wp\/v2\/posts"}],"about":[{"href":"https:\/\/www.ckplac.org\/en\/wp-json\/wp\/v2\/types\/post"}],"author":[{"embeddable":true,"href":"https:\/\/www.ckplac.org\/en\/wp-json\/wp\/v2\/users\/2"}],"replies":[{"embeddable":true,"href":"https:\/\/www.ckplac.org\/en\/wp-json\/wp\/v2\/comments?post=6859"}],"version-history":[{"count":2,"href":"https:\/\/www.ckplac.org\/en\/wp-json\/wp\/v2\/posts\/6859\/revisions"}],"predecessor-version":[{"id":6862,"href":"https:\/\/www.ckplac.org\/en\/wp-json\/wp\/v2\/posts\/6859\/revisions\/6862"}],"wp:featuredmedia":[{"embeddable":true,"href":"https:\/\/www.ckplac.org\/en\/wp-json\/wp\/v2\/media\/6860"}],"wp:attachment":[{"href":"https:\/\/www.ckplac.org\/en\/wp-json\/wp\/v2\/media?parent=6859"}],"wp:term":[{"taxonomy":"category","embeddable":true,"href":"https:\/\/www.ckplac.org\/en\/wp-json\/wp\/v2\/categories?post=6859"},{"taxonomy":"post_tag","embeddable":true,"href":"https:\/\/www.ckplac.org\/en\/wp-json\/wp\/v2\/tags?post=6859"}],"curies":[{"name":"wp","href":"https:\/\/api.w.org\/{rel}","templated":true}]}}