{"id":6643,"date":"2023-01-19T11:20:18","date_gmt":"2023-01-19T10:20:18","guid":{"rendered":"https:\/\/www.ckplac.org\/?p=6643"},"modified":"2023-02-18T19:41:44","modified_gmt":"2023-02-18T18:41:44","slug":"pojacanje-u-maloj-bosni","status":"publish","type":"post","link":"https:\/\/www.ckplac.org\/en\/2023\/01\/19\/pojacanje-u-maloj-bosni\/","title":{"rendered":"Poja\u010danje u Maloj Bosni"},"content":{"rendered":"<div class=\"kvgmc6g5 cxmmr5t8 oygrvhab hcukyx3x c1et5uql\">\r\n<div class=\"o9v6fnle cxmmr5t8 oygrvhab hcukyx3x c1et5uql ii04i59q\">\r\n<div dir=\"auto\">\r\n<div dir=\"auto\">\r\n<div class=\"kvgmc6g5 cxmmr5t8 oygrvhab hcukyx3x c1et5uql\">\r\n<div class=\"o9v6fnle cxmmr5t8 oygrvhab hcukyx3x c1et5uql ii04i59q\">\r\n<div dir=\"auto\">\r\n<div class=\"x11i5rnm xat24cr x1mh8g0r x1vvkbs xtlvy1s\">\r\n<div dir=\"auto\">\r\n<p>Udru\u017eenje \u201eKlara i Rosa\u201c iz Subotice, u saradnji sa udru\u017eenjem \u201eTahles\u201c, odr\u017ealo je prvu radionicu \u201ePoja\u010danja\u201c u Maloj Bosni.<\/p>\r\n<p><img decoding=\"async\" loading=\"lazy\" class=\"size-medium wp-image-6648 aligncenter\" src=\"https:\/\/www.ckplac.org\/wp-content\/uploads\/2023\/01\/IMG-4dc75fe5a481a471a7d6fed50c55b869-V-1-300x176.jpg\" alt=\"\" width=\"300\" height=\"176\" srcset=\"https:\/\/www.ckplac.org\/wp-content\/uploads\/2023\/01\/IMG-4dc75fe5a481a471a7d6fed50c55b869-V-1-300x176.jpg 300w, https:\/\/www.ckplac.org\/wp-content\/uploads\/2023\/01\/IMG-4dc75fe5a481a471a7d6fed50c55b869-V-1-600x351.jpg 600w, https:\/\/www.ckplac.org\/wp-content\/uploads\/2023\/01\/IMG-4dc75fe5a481a471a7d6fed50c55b869-V-1-1024x599.jpg 1024w, https:\/\/www.ckplac.org\/wp-content\/uploads\/2023\/01\/IMG-4dc75fe5a481a471a7d6fed50c55b869-V-1-768x449.jpg 768w, https:\/\/www.ckplac.org\/wp-content\/uploads\/2023\/01\/IMG-4dc75fe5a481a471a7d6fed50c55b869-V-1-18x12.jpg 18w, https:\/\/www.ckplac.org\/wp-content\/uploads\/2023\/01\/IMG-4dc75fe5a481a471a7d6fed50c55b869-V-1-700x410.jpg 700w, https:\/\/www.ckplac.org\/wp-content\/uploads\/2023\/01\/IMG-4dc75fe5a481a471a7d6fed50c55b869-V-1.jpg 1208w\" sizes=\"(max-width: 300px) 100vw, 300px\" \/><\/p>\r\n<p>Udru\u017eenje \u201eKlara i Rosa\u201c je sa \u201ePoja\u010danjem\u201c zapo\u010delo u decembru 2022. godine, kada je odr\u017eana prva od ukupno \u0161est zami\u0161ljenih radionica koje \u0107e se baviti li\u010dnim istra\u017eivanjima, i bazira\u0107e se na iskustvu, ose\u0107anjima, i glasovima \u017eena.<\/p>\r\n<div class=\"x11i5rnm xat24cr x1mh8g0r x1vvkbs xtlvy1s x126k92a\">\r\n<p>Mo\u017eete pro\u010ditati i utiske u\u010desnica, nadamo se da \u0107e vas ohrabriti da nam se pridru\u017eite na narednim radionicama.<\/p>\r\n<div class=\"x11i5rnm xat24cr x1mh8g0r x1vvkbs xtlvy1s x126k92a\">\r\n<div dir=\"auto\">U\u010desnica: &#8222;Jako sam se prijatno ose\u0107ala, kao da se poznajem sa svima 100 godina. Podsetila me je koliko je va\u017eno da volimo sebe prvo.&#8220;<\/div>\r\n<\/div>\r\n<div dir=\"auto\">\u00a0<\/div>\r\n<div class=\"x11i5rnm xat24cr x1mh8g0r x1vvkbs xtlvy1s x126k92a\">\r\n<div dir=\"auto\">U\u010desnica: &#8222;U po\u010detku sam se ose\u0107ala nepoverljivo, jer je ovo moja prva radionica ovakve vrste&#8230;ali ubrzo sam se oslobodila, dobila potrebu za otvaranjem, \u0161to je kod mene \u010dudno jer sam pri\u010dala sa ostalima kao da ih znam ceo \u017eivot&#8230;.Radionica je na mene ostavila jak ose\u0107aj slobode, puna sam energije i spremna sam za novu radionicu <span class=\"x3nfvp2 x1j61x8r x1fcty0u xdj266r xhhsvwb xat24cr xgzva0m xxymvpz xlup9mm x1kky2od\"><img decoding=\"async\" loading=\"lazy\" src=\"https:\/\/static.xx.fbcdn.net\/images\/emoji.php\/v9\/tea\/1\/16\/1f970.png\" alt=\"\ud83e\udd70\" width=\"16\" height=\"16\" \/><\/span>&#8222;<\/div>\r\n<\/div>\r\n<div dir=\"auto\">\u00a0<\/div>\r\n<div class=\"x11i5rnm xat24cr x1mh8g0r x1vvkbs xtlvy1s x126k92a\">\r\n<div dir=\"auto\">U\u010desnica: &#8222;Neverovatno! Ni blizu onoga \u0161to sam mislila da \u0107e biti. Lepo ka\u017eu: nemoj tra\u017eiti odgovore u drugom&#8230;odgovor je u tebi! Kada bolje razmislim preispitivanje samog sebe je uvek bilo te\u0161ko&#8230;do sada! Sada je druga pri\u010da.&#8220;<\/div>\r\n<\/div>\r\n<div dir=\"auto\">\u00a0<\/div>\r\n<div class=\"x11i5rnm xat24cr x1mh8g0r x1vvkbs xtlvy1s x126k92a\">\r\n<div dir=\"auto\">U\u010desnica: &#8222;Na radionici sam se ose\u0107ala kreativno i<\/div>\r\n<div dir=\"auto\">radoznalo. Nisam bila svesna da mogu da pomeram svoje granice, puna sam pozitivnih utisaka.&#8220;<\/div>\r\n<div dir=\"auto\">\u00a0<\/div>\r\n<\/div>\r\n<\/div>\r\n<div class=\"x11i5rnm xat24cr x1mh8g0r x1vvkbs xtlvy1s x126k92a\">\r\n<p>Druga po redu radionica, odr\u017ea\u0107e se 21. januara od 11 \u010dasova u novom prostoru udru\u017eenja \u201eKlara i Rosa\u201c, na adresi Petefi \u0160andora 15 u Subotici. U\u010de\u0161\u0107e je besplatno.<\/p>\r\n<\/div>\r\n<p>&nbsp;<\/p>\r\n<\/div>\r\n<\/div>\r\n\u00a0 \u00a0 \u00a0 \u00a0 \u00a0<\/div>\r\n<\/div>\r\n<\/div>\r\n<\/div>\r\n<div dir=\"auto\"><br \/>\r\n<p>&nbsp;<\/p>\r\n<\/div>\r\n<\/div>\r\n<div dir=\"auto\">\r\n<div dir=\"auto\">\r\n<div class=\"kvgmc6g5 cxmmr5t8 oygrvhab hcukyx3x c1et5uql\">\r\n<div class=\"o9v6fnle cxmmr5t8 oygrvhab hcukyx3x c1et5uql ii04i59q\">\r\n<div dir=\"auto\">\r\n<div class=\"cxmmr5t8 oygrvhab hcukyx3x c1et5uql o9v6fnle\">\u00a0<\/div>\r\n<div>\u00a0<\/div>\r\n<div>\u00a0<\/div>\r\n<\/div>\r\n<\/div>\r\n<\/div>\r\n<\/div>\r\n<\/div>\r\n<\/div>\r\n<\/div>","protected":false},"excerpt":{"rendered":"<p>Udru\u017eenje \u201eKlara i Rosa\u201c iz Subotice, u saradnji sa udru\u017eenjem \u201eTahles\u201c, odr\u017ealo je prvu radionicu&#8230;<\/p>","protected":false},"author":2,"featured_media":6651,"comment_status":"closed","ping_status":"closed","sticky":false,"template":"","format":"standard","meta":{"inline_featured_image":false,"footnotes":""},"categories":[388,55],"tags":[387,53,197,389],"aioseo_notices":[],"_links":{"self":[{"href":"https:\/\/www.ckplac.org\/en\/wp-json\/wp\/v2\/posts\/6643"}],"collection":[{"href":"https:\/\/www.ckplac.org\/en\/wp-json\/wp\/v2\/posts"}],"about":[{"href":"https:\/\/www.ckplac.org\/en\/wp-json\/wp\/v2\/types\/post"}],"author":[{"embeddable":true,"href":"https:\/\/www.ckplac.org\/en\/wp-json\/wp\/v2\/users\/2"}],"replies":[{"embeddable":true,"href":"https:\/\/www.ckplac.org\/en\/wp-json\/wp\/v2\/comments?post=6643"}],"version-history":[{"count":6,"href":"https:\/\/www.ckplac.org\/en\/wp-json\/wp\/v2\/posts\/6643\/revisions"}],"predecessor-version":[{"id":6653,"href":"https:\/\/www.ckplac.org\/en\/wp-json\/wp\/v2\/posts\/6643\/revisions\/6653"}],"wp:featuredmedia":[{"embeddable":true,"href":"https:\/\/www.ckplac.org\/en\/wp-json\/wp\/v2\/media\/6651"}],"wp:attachment":[{"href":"https:\/\/www.ckplac.org\/en\/wp-json\/wp\/v2\/media?parent=6643"}],"wp:term":[{"taxonomy":"category","embeddable":true,"href":"https:\/\/www.ckplac.org\/en\/wp-json\/wp\/v2\/categories?post=6643"},{"taxonomy":"post_tag","embeddable":true,"href":"https:\/\/www.ckplac.org\/en\/wp-json\/wp\/v2\/tags?post=6643"}],"curies":[{"name":"wp","href":"https:\/\/api.w.org\/{rel}","templated":true}]}}