{"id":5188,"date":"2021-12-10T09:30:03","date_gmt":"2021-12-10T08:30:03","guid":{"rendered":"https:\/\/www.ckplac.org\/?p=5188"},"modified":"2022-03-26T21:37:58","modified_gmt":"2022-03-26T20:37:58","slug":"radio-plac-subotica-ember-takacs-maria","status":"publish","type":"post","link":"https:\/\/www.ckplac.org\/en\/2021\/12\/10\/radio-plac-subotica-ember-takacs-maria\/","title":{"rendered":"Radio Plac Subotica \/ EMBER: Tak\u00e1cs M\u00e1ria"},"content":{"rendered":"<div class=\"kvgmc6g5 cxmmr5t8 oygrvhab hcukyx3x c1et5uql\">\r\n<div class=\"o9v6fnle cxmmr5t8 oygrvhab hcukyx3x c1et5uql ii04i59q\">\r\n<div dir=\"auto\">\r\n<div dir=\"auto\">\r\n<div class=\"kvgmc6g5 cxmmr5t8 oygrvhab hcukyx3x c1et5uql\">\r\n<div class=\"o9v6fnle cxmmr5t8 oygrvhab hcukyx3x c1et5uql ii04i59q\">\r\n<div dir=\"auto\">\r\n<div class=\"kvgmc6g5 cxmmr5t8 oygrvhab hcukyx3x c1et5uql ii04i59q\">\r\n<div dir=\"auto\">Marija Taka\u010d je rediteljka dokumentarnih filmova, video novinarka i LGBT aktivistkinja.<\/div>\r\n<div dir=\"auto\">\u00a0<\/div>\r\n<div dir=\"auto\">Danas, 10.decembar 2021. (petak), 17h, repriza utorak 17h.<\/div>\r\n<div dir=\"auto\">\u00a0<\/div>\r\n<div dir=\"auto\">Emisija o nezavisnoj sceni iz okru\u017eenja koja predstavlja savremenike u \u0161irem smislu. Bez ograni\u010denja. Ko \u0161ta misli, ko \u0161ta voli, kako razmi\u0161lja, odakle je do\u0161ao i gde ide. Emisija Ember (\u010dovek) ne obra\u0107a se samo umetnicima, nego svakome, bilo gde.<\/div>\r\n<\/div>\r\n<\/div>\r\n<\/div>\r\n<div dir=\"auto\">\u00a0<\/div>\r\n<div class=\"o9v6fnle cxmmr5t8 oygrvhab hcukyx3x c1et5uql ii04i59q\">\r\n<div dir=\"auto\">\r\n<div class=\"o9v6fnle cxmmr5t8 oygrvhab hcukyx3x c1et5uql ii04i59q\">\r\n<div dir=\"auto\">\r\n<p>Marija Taka\u010d je radila je kao nezavisni novinar za Origo.hu, Nepszabadsag i Jozsefvaros Ujsag, izme\u0111u ostalih. Dobila je nagradu Burning Honorka 2020. za svoj dru\u0161tveno anga\u017eovani film Osec\u0301aj odgovornosti.<br \/>Dokumentovala je kretanja LGBT zajednice od kasnih 1990-ih. Jedna je od osniva\u010dica Lezbejskog udru\u017eenja Labrisz i Fondacije Rainbov Mission, koja organizuje Budimpe\u0161tanski Prajd, \u010dlan je Budimpe\u0161tanskog lezbejskog filmskog komiteta, osnovanog 2000. i Hair (2006), a na zahtev Kriszta Bodis, dokumentarni film Ruralna romansa (gej ljubav) (2008). Od 2000-ih, radila je sa brojnim nevladinim organizacijama kao video snimateljka.<br \/>Njen prvi dugometra\u017eni dokumentarac o \u017eivotnim godinama 11 lezbejki, Skrivene godine (2009), predstavljen je na Festivalu ma\u0111arskog filma, a 2011. osvojila je nagradu publike Version Film Festivala i dru\u0161tvenu nagradu ERSTE fondacije. Njen film Gai Men Cold Dictatorships (2015) tako\u0111e je bio pozvan na nekoliko me\u0111unarodnih festivala dokumentarnog filma i nagra\u0111en je nagradom publike na LGBTK filmskom festivalu u Klu\u017e-Napoki. Ostala dela: Vi\u0161e od jedne veze (2016); Pastor kuc\u0301e Mandak (2019); Uhvati ritam! preokrenuti svet sporta (2020); Druga veb serija Zlatnog doba (2021). Trenutno radi na\u00a0 filmu sa radnim nazivom Kancelarija.<\/p>\r\n<p>Linkovi do radova:<br \/><a href=\"https:\/\/vimeo.com\/manage\/videos\/569301775\">Skrivene godine<\/a><br \/><a href=\"https:\/\/cinego.hu\/filmek\/meleg-ferfiak-hideg-diktaturak\">Hladne diktature homoseksualaca<\/a><br \/><a href=\"https:\/\/vvv.ioutube.com\/vatch?v=O2bEBfEp4lM\">Vi\u0161e od linka<\/a><br \/><a href=\"https:\/\/dafilms.com\/film\/10788-the-pastor-of-mandak-house\">Pastor kuc\u0301e Mandas<\/a><br \/><a href=\"https:\/\/vimeo.com\/manage\/videos\/415194912\">Uhvati ritam! subverzija sveta sporta<\/a><br \/><a href=\"https:\/\/vvv.ioutube.com\/vatch?v=VKhOV6DKSGRI\">Drugo zlatno doba<\/a><\/p>\r\n<\/div>\r\n<div dir=\"auto\">\u00a0<\/div>\r\n<div dir=\"auto\">Emisiju na ma\u0111arskom jeziku vodi i ure\u0111uje Sz\u00e1sz Csongor.<\/div>\r\n<\/div>\r\n<div dir=\"auto\">\r\n<div dir=\"auto\">\u00a0<\/div>\r\n<div dir=\"auto\">\r\n<div class=\"o9v6fnle cxmmr5t8 oygrvhab hcukyx3x c1et5uql\">Emisija se realizuje u okviru projekta UG \u201cKlara i Rosa\u201d i Centar za savremenu kulturu i umetnost u okviru programa \u201eCentar za savremenu kulturu i umetnost kao pokreta\u010d dru\u0161tvene promene\u201c. Projekat je podr\u017ean od strane Nacionalne koalicije za decentralizaciju, Fondacije Jelena \u0160anti\u0107, Grupe 484 i Evropske unije.<\/div>\r\n<div>\u00a0<\/div>\r\n<\/div>\r\n<div>#EUzaTebe<br \/>@eusrbija<\/div>\r\n<\/div>\r\n<div>\r\n<p><img decoding=\"async\" loading=\"lazy\" class=\"alignnone wp-image-4957\" src=\"https:\/\/www.ckplac.org\/wp-content\/uploads\/2021\/11\/eu-300x79.png\" alt=\"\" width=\"235\" height=\"62\" srcset=\"https:\/\/www.ckplac.org\/wp-content\/uploads\/2021\/11\/eu-300x79.png 300w, https:\/\/www.ckplac.org\/wp-content\/uploads\/2021\/11\/eu-18x5.png 18w, https:\/\/www.ckplac.org\/wp-content\/uploads\/2021\/11\/eu.png 441w\" sizes=\"(max-width: 235px) 100vw, 235px\" \/><\/p>\r\n<p>&nbsp;<\/p>\r\n<p><img decoding=\"async\" loading=\"lazy\" class=\"alignnone size-medium wp-image-4959\" src=\"https:\/\/www.ckplac.org\/wp-content\/uploads\/2021\/11\/484-fjs-nkd-300x71.png\" alt=\"\" width=\"300\" height=\"71\" srcset=\"https:\/\/www.ckplac.org\/wp-content\/uploads\/2021\/11\/484-fjs-nkd-300x71.png 300w, https:\/\/www.ckplac.org\/wp-content\/uploads\/2021\/11\/484-fjs-nkd-18x4.png 18w, https:\/\/www.ckplac.org\/wp-content\/uploads\/2021\/11\/484-fjs-nkd.png 492w\" sizes=\"(max-width: 300px) 100vw, 300px\" \/><\/p>\r\n<\/div>\r\n<div dir=\"auto\">\u00a0<\/div>\r\n<\/div>\r\n<\/div>\r\n<\/div>\r\n<\/div>\r\n<\/div>\r\n<div dir=\"auto\">\r\n<p><iframe loading=\"lazy\" title=\"02. Ember - Tak\u00e1cs M\u00e1ria\" width=\"100%\" height=\"120\" src=\"https:\/\/www.mixcloud.com\/widget\/iframe\/?feed=https%3A%2F%2Fwww.mixcloud.com%2Fradioplac%2F2-ember%2F&amp;hide_cover=1\" frameborder=\"0\"><\/iframe><\/p>\r\n<\/div>\r\n<div dir=\"auto\">\r\n<div dir=\"auto\">\r\n<div class=\"kvgmc6g5 cxmmr5t8 oygrvhab hcukyx3x c1et5uql\">\r\n<div class=\"o9v6fnle cxmmr5t8 oygrvhab hcukyx3x c1et5uql ii04i59q\">\r\n<div dir=\"auto\">\u00a0<\/div>\r\n<\/div>\r\n<\/div>\r\n<\/div>\r\n<\/div>\r\n<div dir=\"auto\">\u00a0<\/div>\r\n<div dir=\"auto\">\r\n<div dir=\"auto\">\r\n<div class=\"kvgmc6g5 cxmmr5t8 oygrvhab hcukyx3x c1et5uql\">\r\n<div class=\"o9v6fnle cxmmr5t8 oygrvhab hcukyx3x c1et5uql ii04i59q\">\r\n<div dir=\"auto\">\u00a0<\/div>\r\n<\/div>\r\n<\/div>\r\n<\/div>\r\n<\/div>\r\n<\/div>\r\n<\/div>","protected":false},"excerpt":{"rendered":"<p>Marija Taka\u010d je rediteljka dokumentarnih filmova, video novinarka i LGBT aktivistkinja. \u00a0 Danas, 10.decembar 2021&#8230;.<\/p>","protected":false},"author":2,"featured_media":5189,"comment_status":"closed","ping_status":"closed","sticky":false,"template":"","format":"standard","meta":{"inline_featured_image":false,"footnotes":""},"categories":[44,52],"tags":[244,306,53,196,243,316],"aioseo_notices":[],"_links":{"self":[{"href":"https:\/\/www.ckplac.org\/en\/wp-json\/wp\/v2\/posts\/5188"}],"collection":[{"href":"https:\/\/www.ckplac.org\/en\/wp-json\/wp\/v2\/posts"}],"about":[{"href":"https:\/\/www.ckplac.org\/en\/wp-json\/wp\/v2\/types\/post"}],"author":[{"embeddable":true,"href":"https:\/\/www.ckplac.org\/en\/wp-json\/wp\/v2\/users\/2"}],"replies":[{"embeddable":true,"href":"https:\/\/www.ckplac.org\/en\/wp-json\/wp\/v2\/comments?post=5188"}],"version-history":[{"count":6,"href":"https:\/\/www.ckplac.org\/en\/wp-json\/wp\/v2\/posts\/5188\/revisions"}],"predecessor-version":[{"id":5308,"href":"https:\/\/www.ckplac.org\/en\/wp-json\/wp\/v2\/posts\/5188\/revisions\/5308"}],"wp:featuredmedia":[{"embeddable":true,"href":"https:\/\/www.ckplac.org\/en\/wp-json\/wp\/v2\/media\/5189"}],"wp:attachment":[{"href":"https:\/\/www.ckplac.org\/en\/wp-json\/wp\/v2\/media?parent=5188"}],"wp:term":[{"taxonomy":"category","embeddable":true,"href":"https:\/\/www.ckplac.org\/en\/wp-json\/wp\/v2\/categories?post=5188"},{"taxonomy":"post_tag","embeddable":true,"href":"https:\/\/www.ckplac.org\/en\/wp-json\/wp\/v2\/tags?post=5188"}],"curies":[{"name":"wp","href":"https:\/\/api.w.org\/{rel}","templated":true}]}}