{"id":4098,"date":"2021-05-21T17:30:16","date_gmt":"2021-05-21T15:30:16","guid":{"rendered":"https:\/\/www.ckplac.org\/?p=4098"},"modified":"2021-08-23T16:45:43","modified_gmt":"2021-08-23T14:45:43","slug":"u-gostima-mata-csaba","status":"publish","type":"post","link":"https:\/\/www.ckplac.org\/en\/2021\/05\/21\/u-gostima-mata-csaba\/","title":{"rendered":"U gostima &#8211; Mata Csaba"},"content":{"rendered":"<p>&nbsp;<\/p>\r\n<p>Foto: Graham St. John<\/p>\r\n<p>&nbsp;<\/p>\r\n<p>Svake subote u terminu od 19 \u010dasova na programu Radija Plac emitujemo emisiju U GOSTIMA u kojoj razgovaramo sa umetnicima, kulturnim radnicima, nau\u010dnicima i uop\u0161te ljudima \u0161irokog duha iz bli\u017eeg i daljeg okru\u017eenja. Ko kome dolazi u goste gotovo da je nemogu\u0107e precizno zaklju\u010diti \u0161to dodatno isklju\u010duje manire kurtoazije na koje smo navikli.<\/p>\r\n<div class=\"wp-block-spacer\" aria-hidden=\"true\">\u00a0<\/div>\r\n<div dir=\"auto\">\r\n<div dir=\"auto\">\r\n<p>U subotu 22. maja od 19 \u010dasova na Radiju Plac emitujemo sedamnaestu epizodu emisije U GOSTIMA gde nam je gost Mata Csaba, organiyator kulturnih doga\u0111aja, Szabadkikoto, Pe\u010duj.\u00a0 Repriza emisije je na programu u ponedeljak od 17 \u010dasova.<\/p>\r\n<\/div>\r\n<\/div>\r\n<p>&nbsp;<\/p>\r\n<p>Mata \u010caba je ro\u0111en 1981. godine u Egeru. Vec\u0301 u srednjoj \u0161koli je bio aktivno uklju\u010den u doga\u0111aje u zajednici. Studirao je menad\u017ement kulture na Univerzitetu Eotvos Lorand.<\/p>\r\n<p>&nbsp;<\/p>\r\n<p class=\" translation-block\">Prvi put je volontirao na <a href=\"http:\/\/mediawavefestival.hu\/index.php?modul=menupontok&amp;kod=15745&amp;nyelv=hun\" target=\"_self\">Mediawave<\/a> festivalu 2005. godine. Zatim ulazi u Z\u00f6Fi i <a href=\"https:\/\/www.youtube.com\/watch?v=MmrNLczfXJk\" target=\"_self\">pronalazi prostor<\/a> u Budimpe\u0161ti. Kao aktivista, uklju\u010den je u nekoliko zelenih pokreta. \u010clan je osniva\u010da Udru\u017eenja <a href=\"http:\/\/recyclemissionhungary.blogspot.com\/\" target=\"_self\">Recycle Mission Hungary<\/a>. Od 2007. otkriva <a href=\"https:\/\/docplayer.hu\/208629320-Labor-emlek-kepes-konyv-2010-kulturalis-labor-szocialis-szovetkezet-kep-es-szoveg-tagjaink-kozremukodoink-es-partnereink-szives-hozzajarulasaval.html\" target=\"_self\">Labor<\/a> eksperimentalni kulturni prostor, \u0161to ponovo potvr\u0111uje njegovu ljubav prema zajedni\u010dkim prostorima.<\/p>\r\n<p>&nbsp;<\/p>\r\n<p class=\" translation-block\">Preselic\u0301e se u Pe\u010duj 2010. godine da bi bio deo EPK (Evropske prestonice kulture). Ovde lansira <a href=\"https:\/\/www.youtube.com\/watch?v=GP_kHSsDRs0\" target=\"_self\">Velosophie<\/a>, prvi ma\u0111arski Bike Kithen. Zatim se 2012. godine priklju\u010duje organizaciji <a href=\"https:\/\/ozorafestival.eu\/about-our-gathering\/2021-postponed\/\" target=\"_self\">O.Z.O.R.A. festivala<\/a>. U 2015. godini on i njegovi prijatelji otvoric\u0301e Kulturni centar Szabadkik\u00f6t\u0151. Te godine se i ven\u010dao i dobio prvo dete 2016. godine.<\/p>\r\n<p>&nbsp;<\/p>\r\n<p>Do danas, prostori i doga\u0111aji u zajednici igraju glavnu ulogu u njegovom \u017eivotu.<\/p>\r\n<p>&nbsp;<\/p>\r\n<p>Trenutno \u017eivi u Abaligetu sa sinovima, suprugom i majkom.<\/p>\r\n<p>&nbsp;<\/p>\r\n<p><iframe loading=\"lazy\" title=\"Vend\u00e9gs\u00e9gben - 17. Epiz\u00f3d- Mata Csaba (P\u00e9cs)\" width=\"100%\" height=\"120\" src=\"https:\/\/www.mixcloud.com\/widget\/iframe\/?feed=https%3A%2F%2Fwww.mixcloud.com%2Fradioplac%2Fvend%25C3%25A9gs%25C3%25A9gben-17-epiz%25C3%25B3d-mata-csaba-p%25C3%25A9cs%2F&amp;hide_cover=1\" frameborder=\"0\"><\/iframe><\/p>\r\n<p>&nbsp;<\/p>\r\n<p><a href=\"https:\/\/www.facebook.com\/SzabadKikotoPecs\/\">facebook.com\/SzabadKikotoPecs<\/a><\/p>\r\n<p>&nbsp;<\/p>\r\n<p><iframe loading=\"lazy\" title=\"VeloSophie nyit\u00f3buli 2010.\" width=\"1060\" height=\"596\" src=\"https:\/\/www.youtube.com\/embed\/GP_kHSsDRs0?feature=oembed\" frameborder=\"0\" allow=\"accelerometer; autoplay; clipboard-write; encrypted-media; gyroscope; picture-in-picture\" allowfullscreen><\/iframe><\/p>\r\n<p>&nbsp;<\/p>\r\n\r\n\r\n\r\n<p>Razgovor je nastao kao plod saradnje izme\u0111u Szabadkik\u00f6t\u0151 iz Pe\u010duja i Centra za savremenu kulturu i umetnost iz Subotice u okviru programa &#8222;Izgradnja zajednice kroz kulturne prakse&#8220;. Program je podr\u017ean od strane Fondacije za otvoreno dru\u0161tvo, Srbija po projektu UG &#8222;Klara i Rosa&#8220; iz Subotice.<\/p>\r\n\r\n\r\n\r\n<div aria-hidden=\"true\">\u00a0<\/div>\r\n<div aria-hidden=\"true\">\u00a0<\/div>\r\n<div aria-hidden=\"true\">\r\n\n\t\t<style type=\"text\/css\">\n\t\t\t#gallery-1 {\n\t\t\t\tmargin: auto;\n\t\t\t}\n\t\t\t#gallery-1 .gallery-item {\n\t\t\t\tfloat: left;\n\t\t\t\tmargin-top: 10px;\n\t\t\t\ttext-align: center;\n\t\t\t\twidth: 33%;\n\t\t\t}\n\t\t\t#gallery-1 img {\n\t\t\t\tborder: 2px solid #cfcfcf;\n\t\t\t}\n\t\t\t#gallery-1 .gallery-caption {\n\t\t\t\tmargin-left: 0;\n\t\t\t}\n\t\t\t\/* see gallery_shortcode() in wp-includes\/media.php *\/\n\t\t<\/style>\n\t\t<div id='gallery-1' class='gallery galleryid-4098 gallery-columns-3 gallery-size-thumbnail'><dl class='gallery-item'>\n\t\t\t<dt class='gallery-icon landscape'>\n\t\t\t\t<a href='https:\/\/www.ckplac.org\/en\/2021\/05\/21\/u-gostima-mata-csaba\/szabadkikoto\/'><img width=\"150\" height=\"150\" src=\"https:\/\/www.ckplac.org\/wp-content\/uploads\/2021\/05\/szabadkikoto-150x150.jpg\" class=\"attachment-thumbnail size-thumbnail\" alt=\"\" decoding=\"async\" loading=\"lazy\" srcset=\"https:\/\/www.ckplac.org\/wp-content\/uploads\/2021\/05\/szabadkikoto-150x150.jpg 150w, https:\/\/www.ckplac.org\/wp-content\/uploads\/2021\/05\/szabadkikoto-300x300.jpg 300w, https:\/\/www.ckplac.org\/wp-content\/uploads\/2021\/05\/szabadkikoto-100x100.jpg 100w\" sizes=\"(max-width: 150px) 100vw, 150px\" \/><\/a>\n\t\t\t<\/dt><\/dl><dl class='gallery-item'>\n\t\t\t<dt class='gallery-icon landscape'>\n\t\t\t\t<a href='https:\/\/www.ckplac.org\/en\/2021\/05\/21\/u-gostima-mata-csaba\/szabad-kikoto02-hl\/'><img width=\"150\" height=\"150\" src=\"https:\/\/www.ckplac.org\/wp-content\/uploads\/2021\/05\/szabad-kikoto02-hl-150x150.jpg\" class=\"attachment-thumbnail size-thumbnail\" alt=\"\" decoding=\"async\" loading=\"lazy\" srcset=\"https:\/\/www.ckplac.org\/wp-content\/uploads\/2021\/05\/szabad-kikoto02-hl-150x150.jpg 150w, https:\/\/www.ckplac.org\/wp-content\/uploads\/2021\/05\/szabad-kikoto02-hl-300x300.jpg 300w, https:\/\/www.ckplac.org\/wp-content\/uploads\/2021\/05\/szabad-kikoto02-hl-100x100.jpg 100w, https:\/\/www.ckplac.org\/wp-content\/uploads\/2021\/05\/szabad-kikoto02-hl-570x570.jpg 570w, https:\/\/www.ckplac.org\/wp-content\/uploads\/2021\/05\/szabad-kikoto02-hl-500x500.jpg 500w\" sizes=\"(max-width: 150px) 100vw, 150px\" \/><\/a>\n\t\t\t<\/dt><\/dl><dl class='gallery-item'>\n\t\t\t<dt class='gallery-icon landscape'>\n\t\t\t\t<a href='https:\/\/www.ckplac.org\/en\/2021\/05\/21\/u-gostima-mata-csaba\/telikertem-innen\/'><img width=\"150\" height=\"150\" src=\"https:\/\/www.ckplac.org\/wp-content\/uploads\/2021\/05\/telikertem-innen-150x150.jpg\" class=\"attachment-thumbnail size-thumbnail\" alt=\"\" decoding=\"async\" loading=\"lazy\" srcset=\"https:\/\/www.ckplac.org\/wp-content\/uploads\/2021\/05\/telikertem-innen-150x150.jpg 150w, https:\/\/www.ckplac.org\/wp-content\/uploads\/2021\/05\/telikertem-innen-300x300.jpg 300w, https:\/\/www.ckplac.org\/wp-content\/uploads\/2021\/05\/telikertem-innen-100x100.jpg 100w\" sizes=\"(max-width: 150px) 100vw, 150px\" \/><\/a>\n\t\t\t<\/dt><\/dl><br style=\"clear: both\" \/>\n\t\t<\/div>\n\r\n<\/div>\r\n<div aria-hidden=\"true\">\u00a0<\/div>\r\n<div aria-hidden=\"true\">\u00a0<\/div>\r\n<div class=\"wp-block-spacer\" style=\"height: 8px;\" aria-hidden=\"true\"><img decoding=\"async\" loading=\"lazy\" class=\"wp-image-3481\" src=\"https:\/\/www.ckplac.org\/wp-content\/uploads\/2021\/01\/Vektorski-logo-Fondacija-srp-en.jpg\" alt=\"\" width=\"283\" height=\"131\" srcset=\"https:\/\/www.ckplac.org\/wp-content\/uploads\/2021\/01\/Vektorski-logo-Fondacija-srp-en.jpg 389w, https:\/\/www.ckplac.org\/wp-content\/uploads\/2021\/01\/Vektorski-logo-Fondacija-srp-en-300x140.jpg 300w, https:\/\/www.ckplac.org\/wp-content\/uploads\/2021\/01\/Vektorski-logo-Fondacija-srp-en-16x7.jpg 16w\" sizes=\"(max-width: 283px) 100vw, 283px\" \/><\/div>\r\n\r\n\r\n\r\n<div class=\"wp-block-spacer\" style=\"height: 22px;\" aria-hidden=\"true\">\u00a0<\/div>\r\n\r\n\r\n\r\n<figure class=\"wp-block-gallery columns-3 is-cropped\"><\/figure>\r\n\r\n\r\n\r\n\r\n\r\n<div class=\"o9v6fnle cxmmr5t8 oygrvhab hcukyx3x c1et5uql\">\u00a0<\/div>\r\n\r\n\r\n\r\n<p>&nbsp;<\/p>","protected":false},"excerpt":{"rendered":"<p>&nbsp; Foto: Graham St. John &nbsp; Svake subote u terminu od 19 \u010dasova na programu&#8230;<\/p>","protected":false},"author":2,"featured_media":4102,"comment_status":"closed","ping_status":"closed","sticky":false,"template":"","format":"standard","meta":{"inline_featured_image":false,"footnotes":""},"categories":[44,52],"tags":[244,53,241,196,265],"aioseo_notices":[],"_links":{"self":[{"href":"https:\/\/www.ckplac.org\/en\/wp-json\/wp\/v2\/posts\/4098"}],"collection":[{"href":"https:\/\/www.ckplac.org\/en\/wp-json\/wp\/v2\/posts"}],"about":[{"href":"https:\/\/www.ckplac.org\/en\/wp-json\/wp\/v2\/types\/post"}],"author":[{"embeddable":true,"href":"https:\/\/www.ckplac.org\/en\/wp-json\/wp\/v2\/users\/2"}],"replies":[{"embeddable":true,"href":"https:\/\/www.ckplac.org\/en\/wp-json\/wp\/v2\/comments?post=4098"}],"version-history":[{"count":7,"href":"https:\/\/www.ckplac.org\/en\/wp-json\/wp\/v2\/posts\/4098\/revisions"}],"predecessor-version":[{"id":4126,"href":"https:\/\/www.ckplac.org\/en\/wp-json\/wp\/v2\/posts\/4098\/revisions\/4126"}],"wp:featuredmedia":[{"embeddable":true,"href":"https:\/\/www.ckplac.org\/en\/wp-json\/wp\/v2\/media\/4102"}],"wp:attachment":[{"href":"https:\/\/www.ckplac.org\/en\/wp-json\/wp\/v2\/media?parent=4098"}],"wp:term":[{"taxonomy":"category","embeddable":true,"href":"https:\/\/www.ckplac.org\/en\/wp-json\/wp\/v2\/categories?post=4098"},{"taxonomy":"post_tag","embeddable":true,"href":"https:\/\/www.ckplac.org\/en\/wp-json\/wp\/v2\/tags?post=4098"}],"curies":[{"name":"wp","href":"https:\/\/api.w.org\/{rel}","templated":true}]}}