{"id":4003,"date":"2021-05-14T10:34:26","date_gmt":"2021-05-14T08:34:26","guid":{"rendered":"https:\/\/www.ckplac.org\/?p=4003"},"modified":"2021-08-23T16:33:06","modified_gmt":"2021-08-23T14:33:06","slug":"vidimo-se-u-centru","status":"publish","type":"post","link":"https:\/\/www.ckplac.org\/en\/2021\/05\/14\/vidimo-se-u-centru\/","title":{"rendered":"Vidimo se u Centru"},"content":{"rendered":"<p>&nbsp;<\/p>\r\n<p>Leta 2020. godine osnovan je Centar za savremenu kulturu i umetnost, Subotica sa ciljem da postane ta\u010dka okupljanja svih gra\u0111ana,\u00a0prostor istra\u017eivanja, promi\u0161ljanja, osloba\u0111anja i povezivanja, koji kroz kreativne i edukativne programe aktivno okuplja i uklju\u010duje \u010ditavu zajednicu te doprinosi promenama u dru\u0161tvu.<\/p>\r\n<p>U okviru manifestacije \u201cMuzeji za 10\u201d u subotu, 15. maja od 17 \u010dasova u Savremenoj galeriji Subotica, \u010dlanovi Centra za savremenu kulturu i umetnost predstavi\u0107e svoj program i ideje kroz tribinski program i multimedijalni performans.<\/p>\r\n<p>Na tribini \u201cDecentralizacija kulture i razvoj publike\u201d\u00a0 u\u010destvuju Ksenija \u0110urovi\u0107 (NKSS-Nezavisna kulturna scena Srbije), Jelena Gruji\u010di\u0107 (CSKU &#8211; Centar za savremenu kulturu i umetnost, Subotica) i Vladimir \u0110uri\u0107 (<a href=\"https:\/\/kczr.org\/zaposleni\/\">KCZR &#8211; Kulturni centar Zrenjanina<\/a>). Moderatorka razgovora je Gordana Vukov Ciganjik (CSKU).<\/p>\r\n<p>Po\u010detak tribine je zakazan za 17 \u010dasova.<\/p>\r\n<p>Nakon razgovora, \u010dlanovi i gosti Centra izve\u0161\u0107e interaktivni performans \u201cMEET AT THE CENTER\u201d.<\/p>\r\n<p>Koncept: Heni Varga (pozori\u0161no udru\u017eenje Letnji bioskop) i Jelena Gruji\u010di\u0107 (UG\u201d Klara i Rosa\u201d)<\/p>\r\n<p>U\u010destvuju: Heni Varga, Tomin Kis Anik\u00f3, Veres Imelda, Nagy Karina, Gyurkovics R\u00e9ka, Alexandra Arazanovic, Hullo Zsofi, Lili Ozsvar &#8230;<\/p>\r\n<p>Muzika: Radio Aktiv<\/p>\r\n<p>&nbsp;<\/p>\r\n<p>The entry is free<\/p>\r\n\r\n\r\n\r\n<div aria-hidden=\"true\">\u00a0<\/div>\r\n<div aria-hidden=\"true\">\u00a0<\/div>\r\n<div class=\"wp-block-spacer\" style=\"height: 8px;\" aria-hidden=\"true\"><img decoding=\"async\" loading=\"lazy\" class=\"wp-image-3481\" src=\"https:\/\/www.ckplac.org\/wp-content\/uploads\/2021\/01\/Vektorski-logo-Fondacija-srp-en.jpg\" alt=\"\" width=\"283\" height=\"131\" srcset=\"https:\/\/www.ckplac.org\/wp-content\/uploads\/2021\/01\/Vektorski-logo-Fondacija-srp-en.jpg 389w, https:\/\/www.ckplac.org\/wp-content\/uploads\/2021\/01\/Vektorski-logo-Fondacija-srp-en-300x140.jpg 300w, https:\/\/www.ckplac.org\/wp-content\/uploads\/2021\/01\/Vektorski-logo-Fondacija-srp-en-16x7.jpg 16w\" sizes=\"(max-width: 283px) 100vw, 283px\" \/><\/div>\r\n\r\n\r\n\r\n<div class=\"wp-block-spacer\" style=\"height: 22px;\" aria-hidden=\"true\">\u00a0<\/div>\r\n\r\n\r\n\r\n<figure class=\"wp-block-gallery columns-3 is-cropped\"><\/figure>\r\n\r\n\r\n\r\n\r\n\r\n<div class=\"o9v6fnle cxmmr5t8 oygrvhab hcukyx3x c1et5uql\">\u00a0<\/div>\r\n\r\n\r\n\r\n<p>&nbsp;<\/p>","protected":false},"excerpt":{"rendered":"<p>&nbsp; Leta 2020. godine osnovan je Centar za savremenu kulturu i umetnost, Subotica sa ciljem&#8230;<\/p>","protected":false},"author":2,"featured_media":4004,"comment_status":"closed","ping_status":"closed","sticky":false,"template":"","format":"standard","meta":{"inline_featured_image":false,"footnotes":""},"categories":[44,56],"tags":[244,73,53,208],"aioseo_notices":[],"_links":{"self":[{"href":"https:\/\/www.ckplac.org\/en\/wp-json\/wp\/v2\/posts\/4003"}],"collection":[{"href":"https:\/\/www.ckplac.org\/en\/wp-json\/wp\/v2\/posts"}],"about":[{"href":"https:\/\/www.ckplac.org\/en\/wp-json\/wp\/v2\/types\/post"}],"author":[{"embeddable":true,"href":"https:\/\/www.ckplac.org\/en\/wp-json\/wp\/v2\/users\/2"}],"replies":[{"embeddable":true,"href":"https:\/\/www.ckplac.org\/en\/wp-json\/wp\/v2\/comments?post=4003"}],"version-history":[{"count":1,"href":"https:\/\/www.ckplac.org\/en\/wp-json\/wp\/v2\/posts\/4003\/revisions"}],"predecessor-version":[{"id":4005,"href":"https:\/\/www.ckplac.org\/en\/wp-json\/wp\/v2\/posts\/4003\/revisions\/4005"}],"wp:featuredmedia":[{"embeddable":true,"href":"https:\/\/www.ckplac.org\/en\/wp-json\/wp\/v2\/media\/4004"}],"wp:attachment":[{"href":"https:\/\/www.ckplac.org\/en\/wp-json\/wp\/v2\/media?parent=4003"}],"wp:term":[{"taxonomy":"category","embeddable":true,"href":"https:\/\/www.ckplac.org\/en\/wp-json\/wp\/v2\/categories?post=4003"},{"taxonomy":"post_tag","embeddable":true,"href":"https:\/\/www.ckplac.org\/en\/wp-json\/wp\/v2\/tags?post=4003"}],"curies":[{"name":"wp","href":"https:\/\/api.w.org\/{rel}","templated":true}]}}